{"id":294241,"date":"2026-09-03T16:31:38","date_gmt":"2026-09-03T19:31:38","guid":{"rendered":"https:\/\/noticiaempauta.com\/portal\/?p=294241"},"modified":"2026-09-03T16:31:40","modified_gmt":"2026-09-03T19:31:40","slug":"radialista-e-mais-uma-pessoa-sao-mortos-a-tiros-em-luis-correia-suspeitos-fogem-apos-o-crime","status":"publish","type":"post","link":"https:\/\/noticiaempauta.com\/portal\/radialista-e-mais-uma-pessoa-sao-mortos-a-tiros-em-luis-correia-suspeitos-fogem-apos-o-crime\/","title":{"rendered":"Radialista e mais uma pessoa s\u00e3o mortos a tiros em Lu\u00eds Correia; suspeitos fogem ap\u00f3s o crime"},"content":{"rendered":"\n<p class=\"wp-block-paragraph\">O<strong>&nbsp;radialista Gilberto Veras, de 63 anos, e outro homem, n\u00e3o identificado, foram assassinados a tiros na tarde desta quinta-feira (3) no bairro Campos, em Lu\u00eds Correia<\/strong>. Uma das v\u00edtimas veio a \u00f3bito ainda no local e a outra chegou a ser socorrida, mas n\u00e3o resistiu aos ferimentos e morreu no Hospital Municipal Nossa Senhora da Concei\u00e7\u00e3o.&nbsp;<\/p>\n\n\n\n<figure class=\"wp-block-image size-full\"><img fetchpriority=\"high\" decoding=\"async\" width=\"790\" height=\"445\" src=\"https:\/\/noticiaempauta.com\/portal\/wp-content\/uploads\/2026\/09\/radialista_Gilberto_Veras.webp\" alt=\"\" class=\"wp-image-294243\" srcset=\"https:\/\/noticiaempauta.com\/portal\/wp-content\/uploads\/2026\/09\/radialista_Gilberto_Veras.webp 790w, https:\/\/noticiaempauta.com\/portal\/wp-content\/uploads\/2026\/09\/radialista_Gilberto_Veras-767x432.webp 767w, https:\/\/noticiaempauta.com\/portal\/wp-content\/uploads\/2026\/09\/radialista_Gilberto_Veras-300x169.webp 300w\" sizes=\"(max-width: 790px) 100vw, 790px\" \/><figcaption class=\"wp-element-caption\"><em>Foto: Reprodu\u00e7\u00e3o\/Redes Sociais<\/em><\/figcaption><\/figure>\n\n\n\n<p class=\"wp-block-paragraph\">De acordo com informa\u00e7\u00f5es preliminares da Pol\u00edcia Militar (PM-PI), populares relataram que os suspeitos do crime seriam quatro homens que chegaram ao local da ocorr\u00eancia em duas motocicletas e efetuaram os disparos. Ap\u00f3s a a\u00e7\u00e3o, as duplas teriam se evadido do local.&nbsp;&nbsp;<\/p>\n\n\n\n<figure class=\"wp-block-image size-large\"><img decoding=\"async\" width=\"774\" height=\"1024\" src=\"https:\/\/noticiaempauta.com\/portal\/wp-content\/uploads\/2026\/09\/WhatsApp_Image_2026-09-03_at_14_05_14-774x1024.webp\" alt=\"\" class=\"wp-image-294242\" srcset=\"https:\/\/noticiaempauta.com\/portal\/wp-content\/uploads\/2026\/09\/WhatsApp_Image_2026-09-03_at_14_05_14-774x1024.webp 774w, https:\/\/noticiaempauta.com\/portal\/wp-content\/uploads\/2026\/09\/WhatsApp_Image_2026-09-03_at_14_05_14-226x300.webp 226w, https:\/\/noticiaempauta.com\/portal\/wp-content\/uploads\/2026\/09\/WhatsApp_Image_2026-09-03_at_14_05_14-768x1016.webp 768w, https:\/\/noticiaempauta.com\/portal\/wp-content\/uploads\/2026\/09\/WhatsApp_Image_2026-09-03_at_14_05_14.webp 967w\" sizes=\"(max-width: 774px) 100vw, 774px\" \/><\/figure>\n\n\n\n<p class=\"wp-block-paragraph\">A \u00e1rea do crime foi isolada e as equipes da Pol\u00edcia Civil (PC-PI) e do Instituto M\u00e9dico Legal (IML) de Parna\u00edba foram acionados para os procedimentos cab\u00edveis. Uma&nbsp;<strong>an\u00e1lise inicial da per\u00edcia identificou oito perfura\u00e7\u00f5es provocadas por disparos de arma de fogo no corpo de uma das v\u00edtimas<\/strong>.<\/p>\n\n\n\n<p class=\"wp-block-paragraph\">Gilberto Veras atuava na cobertura jornal\u00edstica local e trabalhava atualmente na comunica\u00e7\u00e3o da Prefeitura de Lu\u00eds Correia que, por meio de nota de pesar, cancelou o desfile c\u00edvico que ocorreria na sexta-feira (4) em virtude da morte do radialista.&nbsp;<\/p>\n\n\n\n<p class=\"wp-block-paragraph\"><em>&#8220;Nossa homenagem e solidariedade aos amigos, familiares e colegas de Gilberto Veras que deixa sua marca de dedica\u00e7\u00e3o, compromisso e amizade&#8221;, diz o comunicado oficial.\u00a0<\/em><\/p>\n\n\n\n<p class=\"wp-block-paragraph\">Fonte: Cidade Verde<\/p>\n","protected":false},"excerpt":{"rendered":"<p>O&nbsp;radialista Gilberto Veras, de 63 anos, e outro homem, n\u00e3o identificado, foram assassinados a tiros na tarde desta quinta-feira (3) no bairro Campos, em Lu\u00eds Correia. Uma das v\u00edtimas veio a \u00f3bito ainda no local e a outra chegou a ser socorrida, mas n\u00e3o resistiu aos ferimentos e morreu no Hospital Municipal Nossa Senhora da [&hellip;]<\/p>\n","protected":false},"author":2,"featured_media":294243,"comment_status":"closed","ping_status":"closed","sticky":false,"template":"","format":"standard","meta":{"_mi_skip_tracking":false,"footnotes":""},"categories":[25,1,9,137,16],"tags":[192],"class_list":["post-294241","post","type-post","status-publish","format-standard","has-post-thumbnail","hentry","category-destaques-site","category-geral","category-municipios","category-policia","category-todas","tag-destaqueprincipal"],"acf":[],"yoast_head":"<!-- This site is optimized with the Yoast SEO Premium plugin v19.2 (Yoast SEO v26.9) - https:\/\/yoast.com\/product\/yoast-seo-premium-wordpress\/ -->\n<title>Radialista e mais uma pessoa s\u00e3o mortos a tiros em Lu\u00eds Correia; suspeitos fogem ap\u00f3s o crime - Portal Not\u00edcia em Pauta<\/title>\n<meta name=\"robots\" content=\"index, follow, max-snippet:-1, max-image-preview:large, max-video-preview:-1\" \/>\n<link rel=\"canonical\" href=\"https:\/\/noticiaempauta.com\/portal\/radialista-e-mais-uma-pessoa-sao-mortos-a-tiros-em-luis-correia-suspeitos-fogem-apos-o-crime\/\" \/>\n<meta property=\"og:locale\" content=\"pt_BR\" \/>\n<meta property=\"og:type\" content=\"article\" \/>\n<meta property=\"og:title\" content=\"Radialista e mais uma pessoa s\u00e3o mortos a tiros em Lu\u00eds Correia; suspeitos fogem ap\u00f3s o crime\" \/>\n<meta property=\"og:description\" content=\"O&nbsp;radialista Gilberto Veras, de 63 anos, e outro homem, n\u00e3o identificado, foram assassinados a tiros na tarde desta quinta-feira (3) no bairro Campos, em Lu\u00eds Correia. Uma das v\u00edtimas veio a \u00f3bito ainda no local e a outra chegou a ser socorrida, mas n\u00e3o resistiu aos ferimentos e morreu no Hospital Municipal Nossa Senhora da [&hellip;]\" \/>\n<meta property=\"og:url\" content=\"https:\/\/noticiaempauta.com\/portal\/radialista-e-mais-uma-pessoa-sao-mortos-a-tiros-em-luis-correia-suspeitos-fogem-apos-o-crime\/\" \/>\n<meta property=\"og:site_name\" content=\"Portal Not\u00edcia em Pauta\" \/>\n<meta property=\"article:publisher\" content=\"https:\/\/www.facebook.com\/Portal-Notcia-Em-Pauta-102292869264820\/\" \/>\n<meta property=\"article:published_time\" content=\"2026-09-03T19:31:38+00:00\" \/>\n<meta property=\"article:modified_time\" content=\"2026-09-03T19:31:40+00:00\" \/>\n<meta property=\"og:image\" content=\"https:\/\/noticiaempauta.com\/portal\/wp-content\/uploads\/2026\/09\/radialista_Gilberto_Veras.webp\" \/>\n\t<meta property=\"og:image:width\" content=\"790\" \/>\n\t<meta property=\"og:image:height\" content=\"445\" \/>\n\t<meta property=\"og:image:type\" content=\"image\/webp\" \/>\n<meta name=\"author\" content=\"Reda\u00e7\u00e3o\" \/>\n<meta name=\"twitter:card\" content=\"summary_large_image\" \/>\n<meta name=\"twitter:label1\" content=\"Escrito por\" \/>\n\t<meta name=\"twitter:data1\" content=\"Reda\u00e7\u00e3o\" \/>\n\t<meta name=\"twitter:label2\" content=\"Est. tempo de leitura\" \/>\n\t<meta name=\"twitter:data2\" content=\"2 minutos\" \/>\n<script type=\"application\/ld+json\" class=\"yoast-schema-graph\">{\"@context\":\"https:\/\/schema.org\",\"@graph\":[{\"@type\":\"Article\",\"@id\":\"https:\/\/noticiaempauta.com\/portal\/radialista-e-mais-uma-pessoa-sao-mortos-a-tiros-em-luis-correia-suspeitos-fogem-apos-o-crime\/#article\",\"isPartOf\":{\"@id\":\"https:\/\/noticiaempauta.com\/portal\/radialista-e-mais-uma-pessoa-sao-mortos-a-tiros-em-luis-correia-suspeitos-fogem-apos-o-crime\/\"},\"author\":{\"name\":\"Reda\u00e7\u00e3o\",\"@id\":\"https:\/\/noticiaempauta.com\/portal\/#\/schema\/person\/a74af43dd1ab3deca45f988c717d57ac\"},\"headline\":\"Radialista e mais uma pessoa s\u00e3o mortos a tiros em Lu\u00eds Correia; suspeitos fogem ap\u00f3s o crime\",\"datePublished\":\"2026-09-03T19:31:38+00:00\",\"dateModified\":\"2026-09-03T19:31:40+00:00\",\"mainEntityOfPage\":{\"@id\":\"https:\/\/noticiaempauta.com\/portal\/radialista-e-mais-uma-pessoa-sao-mortos-a-tiros-em-luis-correia-suspeitos-fogem-apos-o-crime\/\"},\"wordCount\":265,\"publisher\":{\"@id\":\"https:\/\/noticiaempauta.com\/portal\/#organization\"},\"image\":{\"@id\":\"https:\/\/noticiaempauta.com\/portal\/radialista-e-mais-uma-pessoa-sao-mortos-a-tiros-em-luis-correia-suspeitos-fogem-apos-o-crime\/#primaryimage\"},\"thumbnailUrl\":\"https:\/\/noticiaempauta.com\/portal\/wp-content\/uploads\/2026\/09\/radialista_Gilberto_Veras.webp\",\"keywords\":[\"destaqueprincipal\"],\"articleSection\":[\"Destaques\",\"Geral\",\"Munic\u00edpios\",\"Pol\u00edcia\",\"Todas as Not\u00edcias\"],\"inLanguage\":\"pt-BR\"},{\"@type\":\"WebPage\",\"@id\":\"https:\/\/noticiaempauta.com\/portal\/radialista-e-mais-uma-pessoa-sao-mortos-a-tiros-em-luis-correia-suspeitos-fogem-apos-o-crime\/\",\"url\":\"https:\/\/noticiaempauta.com\/portal\/radialista-e-mais-uma-pessoa-sao-mortos-a-tiros-em-luis-correia-suspeitos-fogem-apos-o-crime\/\",\"name\":\"Radialista e mais uma pessoa s\u00e3o mortos a tiros em Lu\u00eds Correia; suspeitos fogem ap\u00f3s o crime - Portal Not\u00edcia em Pauta\",\"isPartOf\":{\"@id\":\"https:\/\/noticiaempauta.com\/portal\/#website\"},\"primaryImageOfPage\":{\"@id\":\"https:\/\/noticiaempauta.com\/portal\/radialista-e-mais-uma-pessoa-sao-mortos-a-tiros-em-luis-correia-suspeitos-fogem-apos-o-crime\/#primaryimage\"},\"image\":{\"@id\":\"https:\/\/noticiaempauta.com\/portal\/radialista-e-mais-uma-pessoa-sao-mortos-a-tiros-em-luis-correia-suspeitos-fogem-apos-o-crime\/#primaryimage\"},\"thumbnailUrl\":\"https:\/\/noticiaempauta.com\/portal\/wp-content\/uploads\/2026\/09\/radialista_Gilberto_Veras.webp\",\"datePublished\":\"2026-09-03T19:31:38+00:00\",\"dateModified\":\"2026-09-03T19:31:40+00:00\",\"breadcrumb\":{\"@id\":\"https:\/\/noticiaempauta.com\/portal\/radialista-e-mais-uma-pessoa-sao-mortos-a-tiros-em-luis-correia-suspeitos-fogem-apos-o-crime\/#breadcrumb\"},\"inLanguage\":\"pt-BR\",\"potentialAction\":[{\"@type\":\"ReadAction\",\"target\":[\"https:\/\/noticiaempauta.com\/portal\/radialista-e-mais-uma-pessoa-sao-mortos-a-tiros-em-luis-correia-suspeitos-fogem-apos-o-crime\/\"]}]},{\"@type\":\"ImageObject\",\"inLanguage\":\"pt-BR\",\"@id\":\"https:\/\/noticiaempauta.com\/portal\/radialista-e-mais-uma-pessoa-sao-mortos-a-tiros-em-luis-correia-suspeitos-fogem-apos-o-crime\/#primaryimage\",\"url\":\"https:\/\/noticiaempauta.com\/portal\/wp-content\/uploads\/2026\/09\/radialista_Gilberto_Veras.webp\",\"contentUrl\":\"https:\/\/noticiaempauta.com\/portal\/wp-content\/uploads\/2026\/09\/radialista_Gilberto_Veras.webp\",\"width\":790,\"height\":445},{\"@type\":\"BreadcrumbList\",\"@id\":\"https:\/\/noticiaempauta.com\/portal\/radialista-e-mais-uma-pessoa-sao-mortos-a-tiros-em-luis-correia-suspeitos-fogem-apos-o-crime\/#breadcrumb\",\"itemListElement\":[{\"@type\":\"ListItem\",\"position\":1,\"name\":\"P\u00e1gina Inicial\",\"item\":\"https:\/\/noticiaempauta.com\/portal\/\"},{\"@type\":\"ListItem\",\"position\":2,\"name\":\"Destaques\",\"item\":\"https:\/\/noticiaempauta.com\/portal\/destaques-site\/\"},{\"@type\":\"ListItem\",\"position\":3,\"name\":\"Radialista e mais uma pessoa s\u00e3o mortos a tiros em Lu\u00eds Correia; suspeitos fogem ap\u00f3s o crime\"}]},{\"@type\":\"WebSite\",\"@id\":\"https:\/\/noticiaempauta.com\/portal\/#website\",\"url\":\"https:\/\/noticiaempauta.com\/portal\/\",\"name\":\"Portal Not\u00edcia em Pauta\",\"description\":\"Voc\u00ea bem informado\",\"publisher\":{\"@id\":\"https:\/\/noticiaempauta.com\/portal\/#organization\"},\"potentialAction\":[{\"@type\":\"SearchAction\",\"target\":{\"@type\":\"EntryPoint\",\"urlTemplate\":\"https:\/\/noticiaempauta.com\/portal\/?s={search_term_string}\"},\"query-input\":{\"@type\":\"PropertyValueSpecification\",\"valueRequired\":true,\"valueName\":\"search_term_string\"}}],\"inLanguage\":\"pt-BR\"},{\"@type\":\"Organization\",\"@id\":\"https:\/\/noticiaempauta.com\/portal\/#organization\",\"name\":\"Portal Not\u00edcia em Pauta\",\"url\":\"https:\/\/noticiaempauta.com\/portal\/\",\"logo\":{\"@type\":\"ImageObject\",\"inLanguage\":\"pt-BR\",\"@id\":\"https:\/\/noticiaempauta.com\/portal\/#\/schema\/logo\/image\/\",\"url\":\"https:\/\/noticiaempauta.com\/portal\/wp-content\/uploads\/2022\/08\/logomarca_tema.fw_.png\",\"contentUrl\":\"https:\/\/noticiaempauta.com\/portal\/wp-content\/uploads\/2022\/08\/logomarca_tema.fw_.png\",\"width\":400,\"height\":232,\"caption\":\"Portal Not\u00edcia em Pauta\"},\"image\":{\"@id\":\"https:\/\/noticiaempauta.com\/portal\/#\/schema\/logo\/image\/\"},\"sameAs\":[\"https:\/\/www.facebook.com\/Portal-Notcia-Em-Pauta-102292869264820\/\",\"https:\/\/www.instagram.com\/portalnoticiaempauta\/\"]},{\"@type\":\"Person\",\"@id\":\"https:\/\/noticiaempauta.com\/portal\/#\/schema\/person\/a74af43dd1ab3deca45f988c717d57ac\",\"name\":\"Reda\u00e7\u00e3o\",\"image\":{\"@type\":\"ImageObject\",\"inLanguage\":\"pt-BR\",\"@id\":\"https:\/\/noticiaempauta.com\/portal\/#\/schema\/person\/image\/\",\"url\":\"https:\/\/secure.gravatar.com\/avatar\/03179346ecce6cdfc13361603e8f54242a90e5cde8618fa23c5c00aa2b0aadf3?s=96&d=mm&r=g\",\"contentUrl\":\"https:\/\/secure.gravatar.com\/avatar\/03179346ecce6cdfc13361603e8f54242a90e5cde8618fa23c5c00aa2b0aadf3?s=96&d=mm&r=g\",\"caption\":\"Reda\u00e7\u00e3o\"},\"sameAs\":[\"https:\/\/noticiaempauta.com\/portal\/\"],\"url\":\"https:\/\/noticiaempauta.com\/portal\/author\/fernando\/\"}]}<\/script>\n<!-- \/ Yoast SEO Premium plugin. -->","yoast_head_json":{"title":"Radialista e mais uma pessoa s\u00e3o mortos a tiros em Lu\u00eds Correia; suspeitos fogem ap\u00f3s o crime - Portal Not\u00edcia em Pauta","robots":{"index":"index","follow":"follow","max-snippet":"max-snippet:-1","max-image-preview":"max-image-preview:large","max-video-preview":"max-video-preview:-1"},"canonical":"https:\/\/noticiaempauta.com\/portal\/radialista-e-mais-uma-pessoa-sao-mortos-a-tiros-em-luis-correia-suspeitos-fogem-apos-o-crime\/","og_locale":"pt_BR","og_type":"article","og_title":"Radialista e mais uma pessoa s\u00e3o mortos a tiros em Lu\u00eds Correia; suspeitos fogem ap\u00f3s o crime","og_description":"O&nbsp;radialista Gilberto Veras, de 63 anos, e outro homem, n\u00e3o identificado, foram assassinados a tiros na tarde desta quinta-feira (3) no bairro Campos, em Lu\u00eds Correia. Uma das v\u00edtimas veio a \u00f3bito ainda no local e a outra chegou a ser socorrida, mas n\u00e3o resistiu aos ferimentos e morreu no Hospital Municipal Nossa Senhora da [&hellip;]","og_url":"https:\/\/noticiaempauta.com\/portal\/radialista-e-mais-uma-pessoa-sao-mortos-a-tiros-em-luis-correia-suspeitos-fogem-apos-o-crime\/","og_site_name":"Portal Not\u00edcia em Pauta","article_publisher":"https:\/\/www.facebook.com\/Portal-Notcia-Em-Pauta-102292869264820\/","article_published_time":"2026-09-03T19:31:38+00:00","article_modified_time":"2026-09-03T19:31:40+00:00","og_image":[{"width":790,"height":445,"url":"https:\/\/noticiaempauta.com\/portal\/wp-content\/uploads\/2026\/09\/radialista_Gilberto_Veras.webp","type":"image\/webp"}],"author":"Reda\u00e7\u00e3o","twitter_card":"summary_large_image","twitter_misc":{"Escrito por":"Reda\u00e7\u00e3o","Est. tempo de leitura":"2 minutos"},"schema":{"@context":"https:\/\/schema.org","@graph":[{"@type":"Article","@id":"https:\/\/noticiaempauta.com\/portal\/radialista-e-mais-uma-pessoa-sao-mortos-a-tiros-em-luis-correia-suspeitos-fogem-apos-o-crime\/#article","isPartOf":{"@id":"https:\/\/noticiaempauta.com\/portal\/radialista-e-mais-uma-pessoa-sao-mortos-a-tiros-em-luis-correia-suspeitos-fogem-apos-o-crime\/"},"author":{"name":"Reda\u00e7\u00e3o","@id":"https:\/\/noticiaempauta.com\/portal\/#\/schema\/person\/a74af43dd1ab3deca45f988c717d57ac"},"headline":"Radialista e mais uma pessoa s\u00e3o mortos a tiros em Lu\u00eds Correia; suspeitos fogem ap\u00f3s o crime","datePublished":"2026-09-03T19:31:38+00:00","dateModified":"2026-09-03T19:31:40+00:00","mainEntityOfPage":{"@id":"https:\/\/noticiaempauta.com\/portal\/radialista-e-mais-uma-pessoa-sao-mortos-a-tiros-em-luis-correia-suspeitos-fogem-apos-o-crime\/"},"wordCount":265,"publisher":{"@id":"https:\/\/noticiaempauta.com\/portal\/#organization"},"image":{"@id":"https:\/\/noticiaempauta.com\/portal\/radialista-e-mais-uma-pessoa-sao-mortos-a-tiros-em-luis-correia-suspeitos-fogem-apos-o-crime\/#primaryimage"},"thumbnailUrl":"https:\/\/noticiaempauta.com\/portal\/wp-content\/uploads\/2026\/09\/radialista_Gilberto_Veras.webp","keywords":["destaqueprincipal"],"articleSection":["Destaques","Geral","Munic\u00edpios","Pol\u00edcia","Todas as Not\u00edcias"],"inLanguage":"pt-BR"},{"@type":"WebPage","@id":"https:\/\/noticiaempauta.com\/portal\/radialista-e-mais-uma-pessoa-sao-mortos-a-tiros-em-luis-correia-suspeitos-fogem-apos-o-crime\/","url":"https:\/\/noticiaempauta.com\/portal\/radialista-e-mais-uma-pessoa-sao-mortos-a-tiros-em-luis-correia-suspeitos-fogem-apos-o-crime\/","name":"Radialista e mais uma pessoa s\u00e3o mortos a tiros em Lu\u00eds Correia; suspeitos fogem ap\u00f3s o crime - Portal Not\u00edcia em Pauta","isPartOf":{"@id":"https:\/\/noticiaempauta.com\/portal\/#website"},"primaryImageOfPage":{"@id":"https:\/\/noticiaempauta.com\/portal\/radialista-e-mais-uma-pessoa-sao-mortos-a-tiros-em-luis-correia-suspeitos-fogem-apos-o-crime\/#primaryimage"},"image":{"@id":"https:\/\/noticiaempauta.com\/portal\/radialista-e-mais-uma-pessoa-sao-mortos-a-tiros-em-luis-correia-suspeitos-fogem-apos-o-crime\/#primaryimage"},"thumbnailUrl":"https:\/\/noticiaempauta.com\/portal\/wp-content\/uploads\/2026\/09\/radialista_Gilberto_Veras.webp","datePublished":"2026-09-03T19:31:38+00:00","dateModified":"2026-09-03T19:31:40+00:00","breadcrumb":{"@id":"https:\/\/noticiaempauta.com\/portal\/radialista-e-mais-uma-pessoa-sao-mortos-a-tiros-em-luis-correia-suspeitos-fogem-apos-o-crime\/#breadcrumb"},"inLanguage":"pt-BR","potentialAction":[{"@type":"ReadAction","target":["https:\/\/noticiaempauta.com\/portal\/radialista-e-mais-uma-pessoa-sao-mortos-a-tiros-em-luis-correia-suspeitos-fogem-apos-o-crime\/"]}]},{"@type":"ImageObject","inLanguage":"pt-BR","@id":"https:\/\/noticiaempauta.com\/portal\/radialista-e-mais-uma-pessoa-sao-mortos-a-tiros-em-luis-correia-suspeitos-fogem-apos-o-crime\/#primaryimage","url":"https:\/\/noticiaempauta.com\/portal\/wp-content\/uploads\/2026\/09\/radialista_Gilberto_Veras.webp","contentUrl":"https:\/\/noticiaempauta.com\/portal\/wp-content\/uploads\/2026\/09\/radialista_Gilberto_Veras.webp","width":790,"height":445},{"@type":"BreadcrumbList","@id":"https:\/\/noticiaempauta.com\/portal\/radialista-e-mais-uma-pessoa-sao-mortos-a-tiros-em-luis-correia-suspeitos-fogem-apos-o-crime\/#breadcrumb","itemListElement":[{"@type":"ListItem","position":1,"name":"P\u00e1gina Inicial","item":"https:\/\/noticiaempauta.com\/portal\/"},{"@type":"ListItem","position":2,"name":"Destaques","item":"https:\/\/noticiaempauta.com\/portal\/destaques-site\/"},{"@type":"ListItem","position":3,"name":"Radialista e mais uma pessoa s\u00e3o mortos a tiros em Lu\u00eds Correia; suspeitos fogem ap\u00f3s o crime"}]},{"@type":"WebSite","@id":"https:\/\/noticiaempauta.com\/portal\/#website","url":"https:\/\/noticiaempauta.com\/portal\/","name":"Portal Not\u00edcia em Pauta","description":"Voc\u00ea bem informado","publisher":{"@id":"https:\/\/noticiaempauta.com\/portal\/#organization"},"potentialAction":[{"@type":"SearchAction","target":{"@type":"EntryPoint","urlTemplate":"https:\/\/noticiaempauta.com\/portal\/?s={search_term_string}"},"query-input":{"@type":"PropertyValueSpecification","valueRequired":true,"valueName":"search_term_string"}}],"inLanguage":"pt-BR"},{"@type":"Organization","@id":"https:\/\/noticiaempauta.com\/portal\/#organization","name":"Portal Not\u00edcia em Pauta","url":"https:\/\/noticiaempauta.com\/portal\/","logo":{"@type":"ImageObject","inLanguage":"pt-BR","@id":"https:\/\/noticiaempauta.com\/portal\/#\/schema\/logo\/image\/","url":"https:\/\/noticiaempauta.com\/portal\/wp-content\/uploads\/2022\/08\/logomarca_tema.fw_.png","contentUrl":"https:\/\/noticiaempauta.com\/portal\/wp-content\/uploads\/2022\/08\/logomarca_tema.fw_.png","width":400,"height":232,"caption":"Portal Not\u00edcia em Pauta"},"image":{"@id":"https:\/\/noticiaempauta.com\/portal\/#\/schema\/logo\/image\/"},"sameAs":["https:\/\/www.facebook.com\/Portal-Notcia-Em-Pauta-102292869264820\/","https:\/\/www.instagram.com\/portalnoticiaempauta\/"]},{"@type":"Person","@id":"https:\/\/noticiaempauta.com\/portal\/#\/schema\/person\/a74af43dd1ab3deca45f988c717d57ac","name":"Reda\u00e7\u00e3o","image":{"@type":"ImageObject","inLanguage":"pt-BR","@id":"https:\/\/noticiaempauta.com\/portal\/#\/schema\/person\/image\/","url":"https:\/\/secure.gravatar.com\/avatar\/03179346ecce6cdfc13361603e8f54242a90e5cde8618fa23c5c00aa2b0aadf3?s=96&d=mm&r=g","contentUrl":"https:\/\/secure.gravatar.com\/avatar\/03179346ecce6cdfc13361603e8f54242a90e5cde8618fa23c5c00aa2b0aadf3?s=96&d=mm&r=g","caption":"Reda\u00e7\u00e3o"},"sameAs":["https:\/\/noticiaempauta.com\/portal\/"],"url":"https:\/\/noticiaempauta.com\/portal\/author\/fernando\/"}]}},"_links":{"self":[{"href":"https:\/\/noticiaempauta.com\/portal\/wp-json\/wp\/v2\/posts\/294241","targetHints":{"allow":["GET"]}}],"collection":[{"href":"https:\/\/noticiaempauta.com\/portal\/wp-json\/wp\/v2\/posts"}],"about":[{"href":"https:\/\/noticiaempauta.com\/portal\/wp-json\/wp\/v2\/types\/post"}],"author":[{"embeddable":true,"href":"https:\/\/noticiaempauta.com\/portal\/wp-json\/wp\/v2\/users\/2"}],"replies":[{"embeddable":true,"href":"https:\/\/noticiaempauta.com\/portal\/wp-json\/wp\/v2\/comments?post=294241"}],"version-history":[{"count":2,"href":"https:\/\/noticiaempauta.com\/portal\/wp-json\/wp\/v2\/posts\/294241\/revisions"}],"predecessor-version":[{"id":294245,"href":"https:\/\/noticiaempauta.com\/portal\/wp-json\/wp\/v2\/posts\/294241\/revisions\/294245"}],"wp:featuredmedia":[{"embeddable":true,"href":"https:\/\/noticiaempauta.com\/portal\/wp-json\/wp\/v2\/media\/294243"}],"wp:attachment":[{"href":"https:\/\/noticiaempauta.com\/portal\/wp-json\/wp\/v2\/media?parent=294241"}],"wp:term":[{"taxonomy":"category","embeddable":true,"href":"https:\/\/noticiaempauta.com\/portal\/wp-json\/wp\/v2\/categories?post=294241"},{"taxonomy":"post_tag","embeddable":true,"href":"https:\/\/noticiaempauta.com\/portal\/wp-json\/wp\/v2\/tags?post=294241"}],"curies":[{"name":"wp","href":"https:\/\/api.w.org\/{rel}","templated":true}]}}