{"id":294246,"date":"2026-09-03T16:43:06","date_gmt":"2026-09-03T19:43:06","guid":{"rendered":"https:\/\/noticiaempauta.com\/portal\/?p=294246"},"modified":"2026-09-03T16:43:08","modified_gmt":"2026-09-03T19:43:08","slug":"operacao-resgata-40-trabalhadores-em-condicoes-analogas-a-escravidao-no-piaui","status":"publish","type":"post","link":"https:\/\/noticiaempauta.com\/portal\/operacao-resgata-40-trabalhadores-em-condicoes-analogas-a-escravidao-no-piaui\/","title":{"rendered":"Opera\u00e7\u00e3o resgata 40 trabalhadores em condi\u00e7\u00f5es an\u00e1logas \u00e0 escravid\u00e3o no Piau\u00ed"},"content":{"rendered":"\n<p class=\"wp-block-paragraph\"><strong>Uma opera\u00e7\u00e3o, realizada entre os dias 24 de agosto e 2 de setembro, resgatou 40 trabalhadores submetidos a condi\u00e7\u00f5es an\u00e1logas \u00e0s de escravid\u00e3o nos munic\u00edpios de Sussuapara, Floriano e Oeiras<\/strong>. A a\u00e7\u00e3o faz foi conduzida pelo Minist\u00e9rio P\u00fablico do Trabalho no Piau\u00ed (MPT-PI), Pol\u00edcia Federal (PF), Minist\u00e9rio do Trabalho e Emprego (MTE) e Defensoria P\u00fablica da Uni\u00e3o (DPU).<\/p>\n\n\n\n<p class=\"wp-block-paragraph\">Em Sussuapara, foram 22 trabalhadores resgatados atuando na \u00e1rea da constru\u00e7\u00e3o civil, em obras de pavimenta\u00e7\u00e3o, constru\u00e7\u00e3o de escolas e de campo society. J\u00e1 em Floriano, oito pessoas, incluindo um adolescente de 17 anos, executando servi\u00e7os na extra\u00e7\u00e3o da palha de carna\u00faba, mesma atividade onde foram resgatados outros 10 trabalhadores em Oeiras.<\/p>\n\n\n\n<figure class=\"wp-block-image size-full\"><img fetchpriority=\"high\" decoding=\"async\" width=\"600\" height=\"450\" src=\"https:\/\/noticiaempauta.com\/portal\/wp-content\/uploads\/2026\/09\/resgate_de_trabalhadores_2.webp\" alt=\"\" class=\"wp-image-294247\" srcset=\"https:\/\/noticiaempauta.com\/portal\/wp-content\/uploads\/2026\/09\/resgate_de_trabalhadores_2.webp 600w, https:\/\/noticiaempauta.com\/portal\/wp-content\/uploads\/2026\/09\/resgate_de_trabalhadores_2-300x225.webp 300w\" sizes=\"(max-width: 600px) 100vw, 600px\" \/><figcaption class=\"wp-element-caption\"><em>Foto: MPT-PI<\/em><\/figcaption><\/figure>\n\n\n\n<p class=\"wp-block-paragraph\">Durante a fiscaliza\u00e7\u00e3o, foram constatadas a aus\u00eancia de direitos trabalhistas, superlota\u00e7\u00e3o, falta de energia el\u00e9trica, instala\u00e7\u00f5es sanit\u00e1rias inadequadas, fornecimento de \u00e1gua impr\u00f3pria para consumo e aus\u00eancia de equipamentos de prote\u00e7\u00e3o individual (EPIs).&nbsp;<\/p>\n\n\n\n<p class=\"wp-block-paragraph\">Os empregadores foram identificados e firmaram compromisso para o pagamento de aproximadamente R$ 200 mil em verbas rescis\u00f3rias e cerca de R$ 95 mil a t\u00edtulo de danos morais individuais, enquanto a repara\u00e7\u00e3o por dano moral coletivo permanece em discuss\u00e3o.<\/p>\n\n\n\n<blockquote class=\"wp-block-quote is-layout-flow wp-block-quote-is-layout-flow\">\n<p class=\"wp-block-paragraph\"><em>\u201cOs empregadores precisam se conscientizar e oferecer condi\u00e7\u00f5es m\u00ednimas de trabalho. Em todos os locais, tanto nas frentes de trabalho quanto nos alojamentos, as condi\u00e7\u00f5es eram bastante prec\u00e1rias\u201d, frisou procurador do Trabalho Edno Moura, coordenador de Combate ao Trabalho Escravo do MPT-PI e integrante da opera\u00e7\u00e3o.<\/em><\/p>\n<\/blockquote>\n\n\n\n<p class=\"wp-block-paragraph\">Com os novos resgates, o Piau\u00ed totaliza 100 pessoas resgatadas de condi\u00e7\u00f5es degradantes no ambiente de trabalho em 2026, superando os 28 resgates, em 2025, e os 14, em 2024, mas ainda abaixo dos n\u00fameros registrados em 2023 e 2022, com 159 e 180 trabalhadores, respectivamente.&nbsp;<\/p>\n\n\n\n<p class=\"wp-block-paragraph\">Den\u00fancias de explora\u00e7\u00e3o laboral podem ser feitas de forma an\u00f4nima ou sigilosa presencialmente nas unidades do MPT-PI em Teresina, Picos e Bom Jesus, por meio do site institucional (www.prt22.mpt.mp.br) ou pelo aplicativo de mensagens WhatsApp, no n\u00famero (86) 99544-7488.<\/p>\n\n\n\n<p class=\"wp-block-paragraph\">Fonte: Cidade Verde<\/p>\n","protected":false},"excerpt":{"rendered":"<p>Uma opera\u00e7\u00e3o, realizada entre os dias 24 de agosto e 2 de setembro, resgatou 40 trabalhadores submetidos a condi\u00e7\u00f5es an\u00e1logas \u00e0s de escravid\u00e3o nos munic\u00edpios de Sussuapara, Floriano e Oeiras. A a\u00e7\u00e3o faz foi conduzida pelo Minist\u00e9rio P\u00fablico do Trabalho no Piau\u00ed (MPT-PI), Pol\u00edcia Federal (PF), Minist\u00e9rio do Trabalho e Emprego (MTE) e Defensoria P\u00fablica [&hellip;]<\/p>\n","protected":false},"author":2,"featured_media":294247,"comment_status":"closed","ping_status":"closed","sticky":false,"template":"","format":"standard","meta":{"_mi_skip_tracking":false,"footnotes":""},"categories":[25,1,137,16],"tags":[],"class_list":["post-294246","post","type-post","status-publish","format-standard","has-post-thumbnail","hentry","category-destaques-site","category-geral","category-policia","category-todas"],"acf":[],"yoast_head":"<!-- This site is optimized with the Yoast SEO Premium plugin v19.2 (Yoast SEO v26.9) - https:\/\/yoast.com\/product\/yoast-seo-premium-wordpress\/ -->\n<title>Opera\u00e7\u00e3o resgata 40 trabalhadores em condi\u00e7\u00f5es an\u00e1logas \u00e0 escravid\u00e3o no Piau\u00ed - Portal Not\u00edcia em Pauta<\/title>\n<meta name=\"robots\" content=\"index, follow, max-snippet:-1, max-image-preview:large, max-video-preview:-1\" \/>\n<link rel=\"canonical\" href=\"https:\/\/noticiaempauta.com\/portal\/operacao-resgata-40-trabalhadores-em-condicoes-analogas-a-escravidao-no-piaui\/\" \/>\n<meta property=\"og:locale\" content=\"pt_BR\" \/>\n<meta property=\"og:type\" content=\"article\" \/>\n<meta property=\"og:title\" content=\"Opera\u00e7\u00e3o resgata 40 trabalhadores em condi\u00e7\u00f5es an\u00e1logas \u00e0 escravid\u00e3o no Piau\u00ed\" \/>\n<meta property=\"og:description\" content=\"Uma opera\u00e7\u00e3o, realizada entre os dias 24 de agosto e 2 de setembro, resgatou 40 trabalhadores submetidos a condi\u00e7\u00f5es an\u00e1logas \u00e0s de escravid\u00e3o nos munic\u00edpios de Sussuapara, Floriano e Oeiras. A a\u00e7\u00e3o faz foi conduzida pelo Minist\u00e9rio P\u00fablico do Trabalho no Piau\u00ed (MPT-PI), Pol\u00edcia Federal (PF), Minist\u00e9rio do Trabalho e Emprego (MTE) e Defensoria P\u00fablica [&hellip;]\" \/>\n<meta property=\"og:url\" content=\"https:\/\/noticiaempauta.com\/portal\/operacao-resgata-40-trabalhadores-em-condicoes-analogas-a-escravidao-no-piaui\/\" \/>\n<meta property=\"og:site_name\" content=\"Portal Not\u00edcia em Pauta\" \/>\n<meta property=\"article:publisher\" content=\"https:\/\/www.facebook.com\/Portal-Notcia-Em-Pauta-102292869264820\/\" \/>\n<meta property=\"article:published_time\" content=\"2026-09-03T19:43:06+00:00\" \/>\n<meta property=\"article:modified_time\" content=\"2026-09-03T19:43:08+00:00\" \/>\n<meta property=\"og:image\" content=\"https:\/\/noticiaempauta.com\/portal\/wp-content\/uploads\/2026\/09\/resgate_de_trabalhadores_2.webp\" \/>\n\t<meta property=\"og:image:width\" content=\"600\" \/>\n\t<meta property=\"og:image:height\" content=\"450\" \/>\n\t<meta property=\"og:image:type\" content=\"image\/webp\" \/>\n<meta name=\"author\" content=\"Reda\u00e7\u00e3o\" \/>\n<meta name=\"twitter:card\" content=\"summary_large_image\" \/>\n<meta name=\"twitter:label1\" content=\"Escrito por\" \/>\n\t<meta name=\"twitter:data1\" content=\"Reda\u00e7\u00e3o\" \/>\n\t<meta name=\"twitter:label2\" content=\"Est. tempo de leitura\" \/>\n\t<meta name=\"twitter:data2\" content=\"2 minutos\" \/>\n<script type=\"application\/ld+json\" class=\"yoast-schema-graph\">{\"@context\":\"https:\/\/schema.org\",\"@graph\":[{\"@type\":\"Article\",\"@id\":\"https:\/\/noticiaempauta.com\/portal\/operacao-resgata-40-trabalhadores-em-condicoes-analogas-a-escravidao-no-piaui\/#article\",\"isPartOf\":{\"@id\":\"https:\/\/noticiaempauta.com\/portal\/operacao-resgata-40-trabalhadores-em-condicoes-analogas-a-escravidao-no-piaui\/\"},\"author\":{\"name\":\"Reda\u00e7\u00e3o\",\"@id\":\"https:\/\/noticiaempauta.com\/portal\/#\/schema\/person\/a74af43dd1ab3deca45f988c717d57ac\"},\"headline\":\"Opera\u00e7\u00e3o resgata 40 trabalhadores em condi\u00e7\u00f5es an\u00e1logas \u00e0 escravid\u00e3o no Piau\u00ed\",\"datePublished\":\"2026-09-03T19:43:06+00:00\",\"dateModified\":\"2026-09-03T19:43:08+00:00\",\"mainEntityOfPage\":{\"@id\":\"https:\/\/noticiaempauta.com\/portal\/operacao-resgata-40-trabalhadores-em-condicoes-analogas-a-escravidao-no-piaui\/\"},\"wordCount\":360,\"publisher\":{\"@id\":\"https:\/\/noticiaempauta.com\/portal\/#organization\"},\"image\":{\"@id\":\"https:\/\/noticiaempauta.com\/portal\/operacao-resgata-40-trabalhadores-em-condicoes-analogas-a-escravidao-no-piaui\/#primaryimage\"},\"thumbnailUrl\":\"https:\/\/noticiaempauta.com\/portal\/wp-content\/uploads\/2026\/09\/resgate_de_trabalhadores_2.webp\",\"articleSection\":[\"Destaques\",\"Geral\",\"Pol\u00edcia\",\"Todas as Not\u00edcias\"],\"inLanguage\":\"pt-BR\"},{\"@type\":\"WebPage\",\"@id\":\"https:\/\/noticiaempauta.com\/portal\/operacao-resgata-40-trabalhadores-em-condicoes-analogas-a-escravidao-no-piaui\/\",\"url\":\"https:\/\/noticiaempauta.com\/portal\/operacao-resgata-40-trabalhadores-em-condicoes-analogas-a-escravidao-no-piaui\/\",\"name\":\"Opera\u00e7\u00e3o resgata 40 trabalhadores em condi\u00e7\u00f5es an\u00e1logas \u00e0 escravid\u00e3o no Piau\u00ed - Portal Not\u00edcia em Pauta\",\"isPartOf\":{\"@id\":\"https:\/\/noticiaempauta.com\/portal\/#website\"},\"primaryImageOfPage\":{\"@id\":\"https:\/\/noticiaempauta.com\/portal\/operacao-resgata-40-trabalhadores-em-condicoes-analogas-a-escravidao-no-piaui\/#primaryimage\"},\"image\":{\"@id\":\"https:\/\/noticiaempauta.com\/portal\/operacao-resgata-40-trabalhadores-em-condicoes-analogas-a-escravidao-no-piaui\/#primaryimage\"},\"thumbnailUrl\":\"https:\/\/noticiaempauta.com\/portal\/wp-content\/uploads\/2026\/09\/resgate_de_trabalhadores_2.webp\",\"datePublished\":\"2026-09-03T19:43:06+00:00\",\"dateModified\":\"2026-09-03T19:43:08+00:00\",\"breadcrumb\":{\"@id\":\"https:\/\/noticiaempauta.com\/portal\/operacao-resgata-40-trabalhadores-em-condicoes-analogas-a-escravidao-no-piaui\/#breadcrumb\"},\"inLanguage\":\"pt-BR\",\"potentialAction\":[{\"@type\":\"ReadAction\",\"target\":[\"https:\/\/noticiaempauta.com\/portal\/operacao-resgata-40-trabalhadores-em-condicoes-analogas-a-escravidao-no-piaui\/\"]}]},{\"@type\":\"ImageObject\",\"inLanguage\":\"pt-BR\",\"@id\":\"https:\/\/noticiaempauta.com\/portal\/operacao-resgata-40-trabalhadores-em-condicoes-analogas-a-escravidao-no-piaui\/#primaryimage\",\"url\":\"https:\/\/noticiaempauta.com\/portal\/wp-content\/uploads\/2026\/09\/resgate_de_trabalhadores_2.webp\",\"contentUrl\":\"https:\/\/noticiaempauta.com\/portal\/wp-content\/uploads\/2026\/09\/resgate_de_trabalhadores_2.webp\",\"width\":600,\"height\":450},{\"@type\":\"BreadcrumbList\",\"@id\":\"https:\/\/noticiaempauta.com\/portal\/operacao-resgata-40-trabalhadores-em-condicoes-analogas-a-escravidao-no-piaui\/#breadcrumb\",\"itemListElement\":[{\"@type\":\"ListItem\",\"position\":1,\"name\":\"P\u00e1gina Inicial\",\"item\":\"https:\/\/noticiaempauta.com\/portal\/\"},{\"@type\":\"ListItem\",\"position\":2,\"name\":\"Destaques\",\"item\":\"https:\/\/noticiaempauta.com\/portal\/destaques-site\/\"},{\"@type\":\"ListItem\",\"position\":3,\"name\":\"Opera\u00e7\u00e3o resgata 40 trabalhadores em condi\u00e7\u00f5es an\u00e1logas \u00e0 escravid\u00e3o no Piau\u00ed\"}]},{\"@type\":\"WebSite\",\"@id\":\"https:\/\/noticiaempauta.com\/portal\/#website\",\"url\":\"https:\/\/noticiaempauta.com\/portal\/\",\"name\":\"Portal Not\u00edcia em Pauta\",\"description\":\"Voc\u00ea bem informado\",\"publisher\":{\"@id\":\"https:\/\/noticiaempauta.com\/portal\/#organization\"},\"potentialAction\":[{\"@type\":\"SearchAction\",\"target\":{\"@type\":\"EntryPoint\",\"urlTemplate\":\"https:\/\/noticiaempauta.com\/portal\/?s={search_term_string}\"},\"query-input\":{\"@type\":\"PropertyValueSpecification\",\"valueRequired\":true,\"valueName\":\"search_term_string\"}}],\"inLanguage\":\"pt-BR\"},{\"@type\":\"Organization\",\"@id\":\"https:\/\/noticiaempauta.com\/portal\/#organization\",\"name\":\"Portal Not\u00edcia em Pauta\",\"url\":\"https:\/\/noticiaempauta.com\/portal\/\",\"logo\":{\"@type\":\"ImageObject\",\"inLanguage\":\"pt-BR\",\"@id\":\"https:\/\/noticiaempauta.com\/portal\/#\/schema\/logo\/image\/\",\"url\":\"https:\/\/noticiaempauta.com\/portal\/wp-content\/uploads\/2022\/08\/logomarca_tema.fw_.png\",\"contentUrl\":\"https:\/\/noticiaempauta.com\/portal\/wp-content\/uploads\/2022\/08\/logomarca_tema.fw_.png\",\"width\":400,\"height\":232,\"caption\":\"Portal Not\u00edcia em Pauta\"},\"image\":{\"@id\":\"https:\/\/noticiaempauta.com\/portal\/#\/schema\/logo\/image\/\"},\"sameAs\":[\"https:\/\/www.facebook.com\/Portal-Notcia-Em-Pauta-102292869264820\/\",\"https:\/\/www.instagram.com\/portalnoticiaempauta\/\"]},{\"@type\":\"Person\",\"@id\":\"https:\/\/noticiaempauta.com\/portal\/#\/schema\/person\/a74af43dd1ab3deca45f988c717d57ac\",\"name\":\"Reda\u00e7\u00e3o\",\"image\":{\"@type\":\"ImageObject\",\"inLanguage\":\"pt-BR\",\"@id\":\"https:\/\/noticiaempauta.com\/portal\/#\/schema\/person\/image\/\",\"url\":\"https:\/\/secure.gravatar.com\/avatar\/03179346ecce6cdfc13361603e8f54242a90e5cde8618fa23c5c00aa2b0aadf3?s=96&d=mm&r=g\",\"contentUrl\":\"https:\/\/secure.gravatar.com\/avatar\/03179346ecce6cdfc13361603e8f54242a90e5cde8618fa23c5c00aa2b0aadf3?s=96&d=mm&r=g\",\"caption\":\"Reda\u00e7\u00e3o\"},\"sameAs\":[\"https:\/\/noticiaempauta.com\/portal\/\"],\"url\":\"https:\/\/noticiaempauta.com\/portal\/author\/fernando\/\"}]}<\/script>\n<!-- \/ Yoast SEO Premium plugin. -->","yoast_head_json":{"title":"Opera\u00e7\u00e3o resgata 40 trabalhadores em condi\u00e7\u00f5es an\u00e1logas \u00e0 escravid\u00e3o no Piau\u00ed - Portal Not\u00edcia em Pauta","robots":{"index":"index","follow":"follow","max-snippet":"max-snippet:-1","max-image-preview":"max-image-preview:large","max-video-preview":"max-video-preview:-1"},"canonical":"https:\/\/noticiaempauta.com\/portal\/operacao-resgata-40-trabalhadores-em-condicoes-analogas-a-escravidao-no-piaui\/","og_locale":"pt_BR","og_type":"article","og_title":"Opera\u00e7\u00e3o resgata 40 trabalhadores em condi\u00e7\u00f5es an\u00e1logas \u00e0 escravid\u00e3o no Piau\u00ed","og_description":"Uma opera\u00e7\u00e3o, realizada entre os dias 24 de agosto e 2 de setembro, resgatou 40 trabalhadores submetidos a condi\u00e7\u00f5es an\u00e1logas \u00e0s de escravid\u00e3o nos munic\u00edpios de Sussuapara, Floriano e Oeiras. A a\u00e7\u00e3o faz foi conduzida pelo Minist\u00e9rio P\u00fablico do Trabalho no Piau\u00ed (MPT-PI), Pol\u00edcia Federal (PF), Minist\u00e9rio do Trabalho e Emprego (MTE) e Defensoria P\u00fablica [&hellip;]","og_url":"https:\/\/noticiaempauta.com\/portal\/operacao-resgata-40-trabalhadores-em-condicoes-analogas-a-escravidao-no-piaui\/","og_site_name":"Portal Not\u00edcia em Pauta","article_publisher":"https:\/\/www.facebook.com\/Portal-Notcia-Em-Pauta-102292869264820\/","article_published_time":"2026-09-03T19:43:06+00:00","article_modified_time":"2026-09-03T19:43:08+00:00","og_image":[{"width":600,"height":450,"url":"https:\/\/noticiaempauta.com\/portal\/wp-content\/uploads\/2026\/09\/resgate_de_trabalhadores_2.webp","type":"image\/webp"}],"author":"Reda\u00e7\u00e3o","twitter_card":"summary_large_image","twitter_misc":{"Escrito por":"Reda\u00e7\u00e3o","Est. tempo de leitura":"2 minutos"},"schema":{"@context":"https:\/\/schema.org","@graph":[{"@type":"Article","@id":"https:\/\/noticiaempauta.com\/portal\/operacao-resgata-40-trabalhadores-em-condicoes-analogas-a-escravidao-no-piaui\/#article","isPartOf":{"@id":"https:\/\/noticiaempauta.com\/portal\/operacao-resgata-40-trabalhadores-em-condicoes-analogas-a-escravidao-no-piaui\/"},"author":{"name":"Reda\u00e7\u00e3o","@id":"https:\/\/noticiaempauta.com\/portal\/#\/schema\/person\/a74af43dd1ab3deca45f988c717d57ac"},"headline":"Opera\u00e7\u00e3o resgata 40 trabalhadores em condi\u00e7\u00f5es an\u00e1logas \u00e0 escravid\u00e3o no Piau\u00ed","datePublished":"2026-09-03T19:43:06+00:00","dateModified":"2026-09-03T19:43:08+00:00","mainEntityOfPage":{"@id":"https:\/\/noticiaempauta.com\/portal\/operacao-resgata-40-trabalhadores-em-condicoes-analogas-a-escravidao-no-piaui\/"},"wordCount":360,"publisher":{"@id":"https:\/\/noticiaempauta.com\/portal\/#organization"},"image":{"@id":"https:\/\/noticiaempauta.com\/portal\/operacao-resgata-40-trabalhadores-em-condicoes-analogas-a-escravidao-no-piaui\/#primaryimage"},"thumbnailUrl":"https:\/\/noticiaempauta.com\/portal\/wp-content\/uploads\/2026\/09\/resgate_de_trabalhadores_2.webp","articleSection":["Destaques","Geral","Pol\u00edcia","Todas as Not\u00edcias"],"inLanguage":"pt-BR"},{"@type":"WebPage","@id":"https:\/\/noticiaempauta.com\/portal\/operacao-resgata-40-trabalhadores-em-condicoes-analogas-a-escravidao-no-piaui\/","url":"https:\/\/noticiaempauta.com\/portal\/operacao-resgata-40-trabalhadores-em-condicoes-analogas-a-escravidao-no-piaui\/","name":"Opera\u00e7\u00e3o resgata 40 trabalhadores em condi\u00e7\u00f5es an\u00e1logas \u00e0 escravid\u00e3o no Piau\u00ed - Portal Not\u00edcia em Pauta","isPartOf":{"@id":"https:\/\/noticiaempauta.com\/portal\/#website"},"primaryImageOfPage":{"@id":"https:\/\/noticiaempauta.com\/portal\/operacao-resgata-40-trabalhadores-em-condicoes-analogas-a-escravidao-no-piaui\/#primaryimage"},"image":{"@id":"https:\/\/noticiaempauta.com\/portal\/operacao-resgata-40-trabalhadores-em-condicoes-analogas-a-escravidao-no-piaui\/#primaryimage"},"thumbnailUrl":"https:\/\/noticiaempauta.com\/portal\/wp-content\/uploads\/2026\/09\/resgate_de_trabalhadores_2.webp","datePublished":"2026-09-03T19:43:06+00:00","dateModified":"2026-09-03T19:43:08+00:00","breadcrumb":{"@id":"https:\/\/noticiaempauta.com\/portal\/operacao-resgata-40-trabalhadores-em-condicoes-analogas-a-escravidao-no-piaui\/#breadcrumb"},"inLanguage":"pt-BR","potentialAction":[{"@type":"ReadAction","target":["https:\/\/noticiaempauta.com\/portal\/operacao-resgata-40-trabalhadores-em-condicoes-analogas-a-escravidao-no-piaui\/"]}]},{"@type":"ImageObject","inLanguage":"pt-BR","@id":"https:\/\/noticiaempauta.com\/portal\/operacao-resgata-40-trabalhadores-em-condicoes-analogas-a-escravidao-no-piaui\/#primaryimage","url":"https:\/\/noticiaempauta.com\/portal\/wp-content\/uploads\/2026\/09\/resgate_de_trabalhadores_2.webp","contentUrl":"https:\/\/noticiaempauta.com\/portal\/wp-content\/uploads\/2026\/09\/resgate_de_trabalhadores_2.webp","width":600,"height":450},{"@type":"BreadcrumbList","@id":"https:\/\/noticiaempauta.com\/portal\/operacao-resgata-40-trabalhadores-em-condicoes-analogas-a-escravidao-no-piaui\/#breadcrumb","itemListElement":[{"@type":"ListItem","position":1,"name":"P\u00e1gina Inicial","item":"https:\/\/noticiaempauta.com\/portal\/"},{"@type":"ListItem","position":2,"name":"Destaques","item":"https:\/\/noticiaempauta.com\/portal\/destaques-site\/"},{"@type":"ListItem","position":3,"name":"Opera\u00e7\u00e3o resgata 40 trabalhadores em condi\u00e7\u00f5es an\u00e1logas \u00e0 escravid\u00e3o no Piau\u00ed"}]},{"@type":"WebSite","@id":"https:\/\/noticiaempauta.com\/portal\/#website","url":"https:\/\/noticiaempauta.com\/portal\/","name":"Portal Not\u00edcia em Pauta","description":"Voc\u00ea bem informado","publisher":{"@id":"https:\/\/noticiaempauta.com\/portal\/#organization"},"potentialAction":[{"@type":"SearchAction","target":{"@type":"EntryPoint","urlTemplate":"https:\/\/noticiaempauta.com\/portal\/?s={search_term_string}"},"query-input":{"@type":"PropertyValueSpecification","valueRequired":true,"valueName":"search_term_string"}}],"inLanguage":"pt-BR"},{"@type":"Organization","@id":"https:\/\/noticiaempauta.com\/portal\/#organization","name":"Portal Not\u00edcia em Pauta","url":"https:\/\/noticiaempauta.com\/portal\/","logo":{"@type":"ImageObject","inLanguage":"pt-BR","@id":"https:\/\/noticiaempauta.com\/portal\/#\/schema\/logo\/image\/","url":"https:\/\/noticiaempauta.com\/portal\/wp-content\/uploads\/2022\/08\/logomarca_tema.fw_.png","contentUrl":"https:\/\/noticiaempauta.com\/portal\/wp-content\/uploads\/2022\/08\/logomarca_tema.fw_.png","width":400,"height":232,"caption":"Portal Not\u00edcia em Pauta"},"image":{"@id":"https:\/\/noticiaempauta.com\/portal\/#\/schema\/logo\/image\/"},"sameAs":["https:\/\/www.facebook.com\/Portal-Notcia-Em-Pauta-102292869264820\/","https:\/\/www.instagram.com\/portalnoticiaempauta\/"]},{"@type":"Person","@id":"https:\/\/noticiaempauta.com\/portal\/#\/schema\/person\/a74af43dd1ab3deca45f988c717d57ac","name":"Reda\u00e7\u00e3o","image":{"@type":"ImageObject","inLanguage":"pt-BR","@id":"https:\/\/noticiaempauta.com\/portal\/#\/schema\/person\/image\/","url":"https:\/\/secure.gravatar.com\/avatar\/03179346ecce6cdfc13361603e8f54242a90e5cde8618fa23c5c00aa2b0aadf3?s=96&d=mm&r=g","contentUrl":"https:\/\/secure.gravatar.com\/avatar\/03179346ecce6cdfc13361603e8f54242a90e5cde8618fa23c5c00aa2b0aadf3?s=96&d=mm&r=g","caption":"Reda\u00e7\u00e3o"},"sameAs":["https:\/\/noticiaempauta.com\/portal\/"],"url":"https:\/\/noticiaempauta.com\/portal\/author\/fernando\/"}]}},"_links":{"self":[{"href":"https:\/\/noticiaempauta.com\/portal\/wp-json\/wp\/v2\/posts\/294246","targetHints":{"allow":["GET"]}}],"collection":[{"href":"https:\/\/noticiaempauta.com\/portal\/wp-json\/wp\/v2\/posts"}],"about":[{"href":"https:\/\/noticiaempauta.com\/portal\/wp-json\/wp\/v2\/types\/post"}],"author":[{"embeddable":true,"href":"https:\/\/noticiaempauta.com\/portal\/wp-json\/wp\/v2\/users\/2"}],"replies":[{"embeddable":true,"href":"https:\/\/noticiaempauta.com\/portal\/wp-json\/wp\/v2\/comments?post=294246"}],"version-history":[{"count":2,"href":"https:\/\/noticiaempauta.com\/portal\/wp-json\/wp\/v2\/posts\/294246\/revisions"}],"predecessor-version":[{"id":294249,"href":"https:\/\/noticiaempauta.com\/portal\/wp-json\/wp\/v2\/posts\/294246\/revisions\/294249"}],"wp:featuredmedia":[{"embeddable":true,"href":"https:\/\/noticiaempauta.com\/portal\/wp-json\/wp\/v2\/media\/294247"}],"wp:attachment":[{"href":"https:\/\/noticiaempauta.com\/portal\/wp-json\/wp\/v2\/media?parent=294246"}],"wp:term":[{"taxonomy":"category","embeddable":true,"href":"https:\/\/noticiaempauta.com\/portal\/wp-json\/wp\/v2\/categories?post=294246"},{"taxonomy":"post_tag","embeddable":true,"href":"https:\/\/noticiaempauta.com\/portal\/wp-json\/wp\/v2\/tags?post=294246"}],"curies":[{"name":"wp","href":"https:\/\/api.w.org\/{rel}","templated":true}]}}