{"id":294250,"date":"2026-09-03T16:45:36","date_gmt":"2026-09-03T19:45:36","guid":{"rendered":"https:\/\/noticiaempauta.com\/portal\/?p=294250"},"modified":"2026-09-03T16:45:37","modified_gmt":"2026-09-03T19:45:37","slug":"massape-do-piaui-alcanca-100-das-metas-do-programa-saude-na-escola-no-ciclo-2025-2026","status":"publish","type":"post","link":"https:\/\/noticiaempauta.com\/portal\/massape-do-piaui-alcanca-100-das-metas-do-programa-saude-na-escola-no-ciclo-2025-2026\/","title":{"rendered":"Massap\u00ea do Piau\u00ed alcan\u00e7a 100% das metas do Programa Sa\u00fade na Escola no ciclo 2025\/2026"},"content":{"rendered":"\n<p class=\"wp-block-paragraph\">O munic\u00edpio de Massap\u00ea do Piau\u00ed, sob a gest\u00e3o do prefeito Dr. Wilton alcan\u00e7ou\u00a0<strong>100% das a\u00e7\u00f5es previstas pelo Programa Sa\u00fade na Escola (PSE) no monitoramento do segundo ano do ciclo 2025\/2026<\/strong>. O resultado evidencia o compromisso do munic\u00edpio com a promo\u00e7\u00e3o da sa\u00fade e o bem-estar de crian\u00e7as e adolescentes atendidos pela rede municipal de ensino.<\/p>\n\n\n\n<p class=\"wp-block-paragraph\">O Programa Sa\u00fade na Escola&nbsp;<strong>integra as \u00e1reas de sa\u00fade e educa\u00e7\u00e3o<\/strong>, promovendo a\u00e7\u00f5es de preven\u00e7\u00e3o, acompanhamento e orienta\u00e7\u00e3o dentro do ambiente escolar. Ao longo do ciclo,&nbsp;<strong>as equipes municipais desenvolveram as atividades previstas pelo programa junto \u00e0s escolas participantes, cumprindo integralmente as metas estabelecidas<\/strong>.<\/p>\n\n\n\n<figure class=\"wp-block-image size-full\"><img fetchpriority=\"high\" decoding=\"async\" width=\"640\" height=\"320\" src=\"https:\/\/noticiaempauta.com\/portal\/wp-content\/uploads\/2026\/09\/91c70b283e385301fe5664f149ed2b9f_.webp\" alt=\"\" class=\"wp-image-294252\" srcset=\"https:\/\/noticiaempauta.com\/portal\/wp-content\/uploads\/2026\/09\/91c70b283e385301fe5664f149ed2b9f_.webp 640w, https:\/\/noticiaempauta.com\/portal\/wp-content\/uploads\/2026\/09\/91c70b283e385301fe5664f149ed2b9f_-300x150.webp 300w\" sizes=\"(max-width: 640px) 100vw, 640px\" \/><\/figure>\n\n\n\n<p class=\"wp-block-paragraph\">O desempenho alcan\u00e7ado \u00e9 resultado do trabalho conjunto dos profissionais da Secretaria Municipal de Sa\u00fade e Secretaria Municipal de Educa\u00e7\u00e3o, e&nbsp;<strong>em especial da Coordena\u00e7\u00e3o do Programa PSE que tem um papel fundamental no planejamento, articula\u00e7\u00e3o, produ\u00e7\u00e3o e monitoramento das a\u00e7\u00f5es realizadas nas unidades escolares<\/strong>. A atua\u00e7\u00e3o das equipes contribuiu para aproximar os servi\u00e7os de sa\u00fade da comunidade escolar e ampliar as a\u00e7\u00f5es de cuidado e preven\u00e7\u00e3o.<\/p>\n\n\n\n<p class=\"wp-block-paragraph\">O cumprimento de&nbsp;<strong>100% das metas<\/strong>&nbsp;refor\u00e7a a import\u00e2ncia da integra\u00e7\u00e3o entre as pol\u00edticas p\u00fablicas de sa\u00fade e educa\u00e7\u00e3o no munic\u00edpio. As a\u00e7\u00f5es realizadas&nbsp;<strong>contribuem para inserir cada vez mais os cuidados com a sa\u00fade no cotidiano escolar<\/strong>, beneficiando diretamente os estudantes da rede municipal.<\/p>\n\n\n\n<p class=\"wp-block-paragraph\">Al\u00e9m de reconhecer o trabalho desenvolvido durante o ciclo 2025\/2026,&nbsp;<strong>o resultado tamb\u00e9m garante ao munic\u00edpio incentivo financeiro adicional<\/strong>, vinculado ao percentual de cumprimento das metas estabelecidas pelo Programa Sa\u00fade na Escola.<\/p>\n\n\n\n<figure class=\"wp-block-image size-large\"><img decoding=\"async\" width=\"1024\" height=\"640\" src=\"https:\/\/noticiaempauta.com\/portal\/wp-content\/uploads\/2026\/09\/CARD-_-100-nas-acoes-do-Programa-Saude-na-Escola-PSE-1024x640.webp\" alt=\"\" class=\"wp-image-294251\" srcset=\"https:\/\/noticiaempauta.com\/portal\/wp-content\/uploads\/2026\/09\/CARD-_-100-nas-acoes-do-Programa-Saude-na-Escola-PSE-1024x640.webp 1024w, https:\/\/noticiaempauta.com\/portal\/wp-content\/uploads\/2026\/09\/CARD-_-100-nas-acoes-do-Programa-Saude-na-Escola-PSE-300x188.webp 300w, https:\/\/noticiaempauta.com\/portal\/wp-content\/uploads\/2026\/09\/CARD-_-100-nas-acoes-do-Programa-Saude-na-Escola-PSE-768x480.webp 768w, https:\/\/noticiaempauta.com\/portal\/wp-content\/uploads\/2026\/09\/CARD-_-100-nas-acoes-do-Programa-Saude-na-Escola-PSE-1536x960.webp 1536w, https:\/\/noticiaempauta.com\/portal\/wp-content\/uploads\/2026\/09\/CARD-_-100-nas-acoes-do-Programa-Saude-na-Escola-PSE.webp 1600w\" sizes=\"(max-width: 1024px) 100vw, 1024px\" \/><\/figure>\n\n\n\n<p class=\"wp-block-paragraph\">A Prefeitura Municipal de Massap\u00ea do Piau\u00ed, por meio das Secretarias Municipais de Sa\u00fade e de Educa\u00e7\u00e3o,&nbsp;<strong>parabeniza e agradece a todos os profissionais envolvidos na execu\u00e7\u00e3o do programa,<\/strong>&nbsp;especialmente as equipes de sa\u00fade, gestores escolares, professores, coordenadores e demais trabalhadores da educa\u00e7\u00e3o que contribu\u00edram para o alcance do resultado.<\/p>\n","protected":false},"excerpt":{"rendered":"<p>O munic\u00edpio de Massap\u00ea do Piau\u00ed, sob a gest\u00e3o do prefeito Dr. Wilton alcan\u00e7ou\u00a0100% das a\u00e7\u00f5es previstas pelo Programa Sa\u00fade na Escola (PSE) no monitoramento do segundo ano do ciclo 2025\/2026. O resultado evidencia o compromisso do munic\u00edpio com a promo\u00e7\u00e3o da sa\u00fade e o bem-estar de crian\u00e7as e adolescentes atendidos pela rede municipal de [&hellip;]<\/p>\n","protected":false},"author":2,"featured_media":294252,"comment_status":"closed","ping_status":"closed","sticky":false,"template":"","format":"standard","meta":{"_mi_skip_tracking":false,"footnotes":""},"categories":[25,1,9,16],"tags":[],"class_list":["post-294250","post","type-post","status-publish","format-standard","has-post-thumbnail","hentry","category-destaques-site","category-geral","category-municipios","category-todas"],"acf":[],"yoast_head":"<!-- This site is optimized with the Yoast SEO Premium plugin v19.2 (Yoast SEO v26.9) - https:\/\/yoast.com\/product\/yoast-seo-premium-wordpress\/ -->\n<title>Massap\u00ea do Piau\u00ed alcan\u00e7a 100% das metas do Programa Sa\u00fade na Escola no ciclo 2025\/2026 - Portal Not\u00edcia em Pauta<\/title>\n<meta name=\"robots\" content=\"index, follow, max-snippet:-1, max-image-preview:large, max-video-preview:-1\" \/>\n<link rel=\"canonical\" href=\"https:\/\/noticiaempauta.com\/portal\/massape-do-piaui-alcanca-100-das-metas-do-programa-saude-na-escola-no-ciclo-2025-2026\/\" \/>\n<meta property=\"og:locale\" content=\"pt_BR\" \/>\n<meta property=\"og:type\" content=\"article\" \/>\n<meta property=\"og:title\" content=\"Massap\u00ea do Piau\u00ed alcan\u00e7a 100% das metas do Programa Sa\u00fade na Escola no ciclo 2025\/2026\" \/>\n<meta property=\"og:description\" content=\"O munic\u00edpio de Massap\u00ea do Piau\u00ed, sob a gest\u00e3o do prefeito Dr. Wilton alcan\u00e7ou\u00a0100% das a\u00e7\u00f5es previstas pelo Programa Sa\u00fade na Escola (PSE) no monitoramento do segundo ano do ciclo 2025\/2026. O resultado evidencia o compromisso do munic\u00edpio com a promo\u00e7\u00e3o da sa\u00fade e o bem-estar de crian\u00e7as e adolescentes atendidos pela rede municipal de [&hellip;]\" \/>\n<meta property=\"og:url\" content=\"https:\/\/noticiaempauta.com\/portal\/massape-do-piaui-alcanca-100-das-metas-do-programa-saude-na-escola-no-ciclo-2025-2026\/\" \/>\n<meta property=\"og:site_name\" content=\"Portal Not\u00edcia em Pauta\" \/>\n<meta property=\"article:publisher\" content=\"https:\/\/www.facebook.com\/Portal-Notcia-Em-Pauta-102292869264820\/\" \/>\n<meta property=\"article:published_time\" content=\"2026-09-03T19:45:36+00:00\" \/>\n<meta property=\"article:modified_time\" content=\"2026-09-03T19:45:37+00:00\" \/>\n<meta property=\"og:image\" content=\"https:\/\/noticiaempauta.com\/portal\/wp-content\/uploads\/2026\/09\/91c70b283e385301fe5664f149ed2b9f_.webp\" \/>\n\t<meta property=\"og:image:width\" content=\"640\" \/>\n\t<meta property=\"og:image:height\" content=\"320\" \/>\n\t<meta property=\"og:image:type\" content=\"image\/webp\" \/>\n<meta name=\"author\" content=\"Reda\u00e7\u00e3o\" \/>\n<meta name=\"twitter:card\" content=\"summary_large_image\" \/>\n<meta name=\"twitter:label1\" content=\"Escrito por\" \/>\n\t<meta name=\"twitter:data1\" content=\"Reda\u00e7\u00e3o\" \/>\n\t<meta name=\"twitter:label2\" content=\"Est. tempo de leitura\" \/>\n\t<meta name=\"twitter:data2\" content=\"3 minutos\" \/>\n<script type=\"application\/ld+json\" class=\"yoast-schema-graph\">{\"@context\":\"https:\/\/schema.org\",\"@graph\":[{\"@type\":\"Article\",\"@id\":\"https:\/\/noticiaempauta.com\/portal\/massape-do-piaui-alcanca-100-das-metas-do-programa-saude-na-escola-no-ciclo-2025-2026\/#article\",\"isPartOf\":{\"@id\":\"https:\/\/noticiaempauta.com\/portal\/massape-do-piaui-alcanca-100-das-metas-do-programa-saude-na-escola-no-ciclo-2025-2026\/\"},\"author\":{\"name\":\"Reda\u00e7\u00e3o\",\"@id\":\"https:\/\/noticiaempauta.com\/portal\/#\/schema\/person\/a74af43dd1ab3deca45f988c717d57ac\"},\"headline\":\"Massap\u00ea do Piau\u00ed alcan\u00e7a 100% das metas do Programa Sa\u00fade na Escola no ciclo 2025\/2026\",\"datePublished\":\"2026-09-03T19:45:36+00:00\",\"dateModified\":\"2026-09-03T19:45:37+00:00\",\"mainEntityOfPage\":{\"@id\":\"https:\/\/noticiaempauta.com\/portal\/massape-do-piaui-alcanca-100-das-metas-do-programa-saude-na-escola-no-ciclo-2025-2026\/\"},\"wordCount\":362,\"publisher\":{\"@id\":\"https:\/\/noticiaempauta.com\/portal\/#organization\"},\"image\":{\"@id\":\"https:\/\/noticiaempauta.com\/portal\/massape-do-piaui-alcanca-100-das-metas-do-programa-saude-na-escola-no-ciclo-2025-2026\/#primaryimage\"},\"thumbnailUrl\":\"https:\/\/noticiaempauta.com\/portal\/wp-content\/uploads\/2026\/09\/91c70b283e385301fe5664f149ed2b9f_.webp\",\"articleSection\":[\"Destaques\",\"Geral\",\"Munic\u00edpios\",\"Todas as Not\u00edcias\"],\"inLanguage\":\"pt-BR\"},{\"@type\":\"WebPage\",\"@id\":\"https:\/\/noticiaempauta.com\/portal\/massape-do-piaui-alcanca-100-das-metas-do-programa-saude-na-escola-no-ciclo-2025-2026\/\",\"url\":\"https:\/\/noticiaempauta.com\/portal\/massape-do-piaui-alcanca-100-das-metas-do-programa-saude-na-escola-no-ciclo-2025-2026\/\",\"name\":\"Massap\u00ea do Piau\u00ed alcan\u00e7a 100% das metas do Programa Sa\u00fade na Escola no ciclo 2025\/2026 - Portal Not\u00edcia em Pauta\",\"isPartOf\":{\"@id\":\"https:\/\/noticiaempauta.com\/portal\/#website\"},\"primaryImageOfPage\":{\"@id\":\"https:\/\/noticiaempauta.com\/portal\/massape-do-piaui-alcanca-100-das-metas-do-programa-saude-na-escola-no-ciclo-2025-2026\/#primaryimage\"},\"image\":{\"@id\":\"https:\/\/noticiaempauta.com\/portal\/massape-do-piaui-alcanca-100-das-metas-do-programa-saude-na-escola-no-ciclo-2025-2026\/#primaryimage\"},\"thumbnailUrl\":\"https:\/\/noticiaempauta.com\/portal\/wp-content\/uploads\/2026\/09\/91c70b283e385301fe5664f149ed2b9f_.webp\",\"datePublished\":\"2026-09-03T19:45:36+00:00\",\"dateModified\":\"2026-09-03T19:45:37+00:00\",\"breadcrumb\":{\"@id\":\"https:\/\/noticiaempauta.com\/portal\/massape-do-piaui-alcanca-100-das-metas-do-programa-saude-na-escola-no-ciclo-2025-2026\/#breadcrumb\"},\"inLanguage\":\"pt-BR\",\"potentialAction\":[{\"@type\":\"ReadAction\",\"target\":[\"https:\/\/noticiaempauta.com\/portal\/massape-do-piaui-alcanca-100-das-metas-do-programa-saude-na-escola-no-ciclo-2025-2026\/\"]}]},{\"@type\":\"ImageObject\",\"inLanguage\":\"pt-BR\",\"@id\":\"https:\/\/noticiaempauta.com\/portal\/massape-do-piaui-alcanca-100-das-metas-do-programa-saude-na-escola-no-ciclo-2025-2026\/#primaryimage\",\"url\":\"https:\/\/noticiaempauta.com\/portal\/wp-content\/uploads\/2026\/09\/91c70b283e385301fe5664f149ed2b9f_.webp\",\"contentUrl\":\"https:\/\/noticiaempauta.com\/portal\/wp-content\/uploads\/2026\/09\/91c70b283e385301fe5664f149ed2b9f_.webp\",\"width\":640,\"height\":320},{\"@type\":\"BreadcrumbList\",\"@id\":\"https:\/\/noticiaempauta.com\/portal\/massape-do-piaui-alcanca-100-das-metas-do-programa-saude-na-escola-no-ciclo-2025-2026\/#breadcrumb\",\"itemListElement\":[{\"@type\":\"ListItem\",\"position\":1,\"name\":\"P\u00e1gina Inicial\",\"item\":\"https:\/\/noticiaempauta.com\/portal\/\"},{\"@type\":\"ListItem\",\"position\":2,\"name\":\"Destaques\",\"item\":\"https:\/\/noticiaempauta.com\/portal\/destaques-site\/\"},{\"@type\":\"ListItem\",\"position\":3,\"name\":\"Massap\u00ea do Piau\u00ed alcan\u00e7a 100% das metas do Programa Sa\u00fade na Escola no ciclo 2025\/2026\"}]},{\"@type\":\"WebSite\",\"@id\":\"https:\/\/noticiaempauta.com\/portal\/#website\",\"url\":\"https:\/\/noticiaempauta.com\/portal\/\",\"name\":\"Portal Not\u00edcia em Pauta\",\"description\":\"Voc\u00ea bem informado\",\"publisher\":{\"@id\":\"https:\/\/noticiaempauta.com\/portal\/#organization\"},\"potentialAction\":[{\"@type\":\"SearchAction\",\"target\":{\"@type\":\"EntryPoint\",\"urlTemplate\":\"https:\/\/noticiaempauta.com\/portal\/?s={search_term_string}\"},\"query-input\":{\"@type\":\"PropertyValueSpecification\",\"valueRequired\":true,\"valueName\":\"search_term_string\"}}],\"inLanguage\":\"pt-BR\"},{\"@type\":\"Organization\",\"@id\":\"https:\/\/noticiaempauta.com\/portal\/#organization\",\"name\":\"Portal Not\u00edcia em Pauta\",\"url\":\"https:\/\/noticiaempauta.com\/portal\/\",\"logo\":{\"@type\":\"ImageObject\",\"inLanguage\":\"pt-BR\",\"@id\":\"https:\/\/noticiaempauta.com\/portal\/#\/schema\/logo\/image\/\",\"url\":\"https:\/\/noticiaempauta.com\/portal\/wp-content\/uploads\/2022\/08\/logomarca_tema.fw_.png\",\"contentUrl\":\"https:\/\/noticiaempauta.com\/portal\/wp-content\/uploads\/2022\/08\/logomarca_tema.fw_.png\",\"width\":400,\"height\":232,\"caption\":\"Portal Not\u00edcia em Pauta\"},\"image\":{\"@id\":\"https:\/\/noticiaempauta.com\/portal\/#\/schema\/logo\/image\/\"},\"sameAs\":[\"https:\/\/www.facebook.com\/Portal-Notcia-Em-Pauta-102292869264820\/\",\"https:\/\/www.instagram.com\/portalnoticiaempauta\/\"]},{\"@type\":\"Person\",\"@id\":\"https:\/\/noticiaempauta.com\/portal\/#\/schema\/person\/a74af43dd1ab3deca45f988c717d57ac\",\"name\":\"Reda\u00e7\u00e3o\",\"image\":{\"@type\":\"ImageObject\",\"inLanguage\":\"pt-BR\",\"@id\":\"https:\/\/noticiaempauta.com\/portal\/#\/schema\/person\/image\/\",\"url\":\"https:\/\/secure.gravatar.com\/avatar\/03179346ecce6cdfc13361603e8f54242a90e5cde8618fa23c5c00aa2b0aadf3?s=96&d=mm&r=g\",\"contentUrl\":\"https:\/\/secure.gravatar.com\/avatar\/03179346ecce6cdfc13361603e8f54242a90e5cde8618fa23c5c00aa2b0aadf3?s=96&d=mm&r=g\",\"caption\":\"Reda\u00e7\u00e3o\"},\"sameAs\":[\"https:\/\/noticiaempauta.com\/portal\/\"],\"url\":\"https:\/\/noticiaempauta.com\/portal\/author\/fernando\/\"}]}<\/script>\n<!-- \/ Yoast SEO Premium plugin. -->","yoast_head_json":{"title":"Massap\u00ea do Piau\u00ed alcan\u00e7a 100% das metas do Programa Sa\u00fade na Escola no ciclo 2025\/2026 - Portal Not\u00edcia em Pauta","robots":{"index":"index","follow":"follow","max-snippet":"max-snippet:-1","max-image-preview":"max-image-preview:large","max-video-preview":"max-video-preview:-1"},"canonical":"https:\/\/noticiaempauta.com\/portal\/massape-do-piaui-alcanca-100-das-metas-do-programa-saude-na-escola-no-ciclo-2025-2026\/","og_locale":"pt_BR","og_type":"article","og_title":"Massap\u00ea do Piau\u00ed alcan\u00e7a 100% das metas do Programa Sa\u00fade na Escola no ciclo 2025\/2026","og_description":"O munic\u00edpio de Massap\u00ea do Piau\u00ed, sob a gest\u00e3o do prefeito Dr. Wilton alcan\u00e7ou\u00a0100% das a\u00e7\u00f5es previstas pelo Programa Sa\u00fade na Escola (PSE) no monitoramento do segundo ano do ciclo 2025\/2026. O resultado evidencia o compromisso do munic\u00edpio com a promo\u00e7\u00e3o da sa\u00fade e o bem-estar de crian\u00e7as e adolescentes atendidos pela rede municipal de [&hellip;]","og_url":"https:\/\/noticiaempauta.com\/portal\/massape-do-piaui-alcanca-100-das-metas-do-programa-saude-na-escola-no-ciclo-2025-2026\/","og_site_name":"Portal Not\u00edcia em Pauta","article_publisher":"https:\/\/www.facebook.com\/Portal-Notcia-Em-Pauta-102292869264820\/","article_published_time":"2026-09-03T19:45:36+00:00","article_modified_time":"2026-09-03T19:45:37+00:00","og_image":[{"width":640,"height":320,"url":"https:\/\/noticiaempauta.com\/portal\/wp-content\/uploads\/2026\/09\/91c70b283e385301fe5664f149ed2b9f_.webp","type":"image\/webp"}],"author":"Reda\u00e7\u00e3o","twitter_card":"summary_large_image","twitter_misc":{"Escrito por":"Reda\u00e7\u00e3o","Est. tempo de leitura":"3 minutos"},"schema":{"@context":"https:\/\/schema.org","@graph":[{"@type":"Article","@id":"https:\/\/noticiaempauta.com\/portal\/massape-do-piaui-alcanca-100-das-metas-do-programa-saude-na-escola-no-ciclo-2025-2026\/#article","isPartOf":{"@id":"https:\/\/noticiaempauta.com\/portal\/massape-do-piaui-alcanca-100-das-metas-do-programa-saude-na-escola-no-ciclo-2025-2026\/"},"author":{"name":"Reda\u00e7\u00e3o","@id":"https:\/\/noticiaempauta.com\/portal\/#\/schema\/person\/a74af43dd1ab3deca45f988c717d57ac"},"headline":"Massap\u00ea do Piau\u00ed alcan\u00e7a 100% das metas do Programa Sa\u00fade na Escola no ciclo 2025\/2026","datePublished":"2026-09-03T19:45:36+00:00","dateModified":"2026-09-03T19:45:37+00:00","mainEntityOfPage":{"@id":"https:\/\/noticiaempauta.com\/portal\/massape-do-piaui-alcanca-100-das-metas-do-programa-saude-na-escola-no-ciclo-2025-2026\/"},"wordCount":362,"publisher":{"@id":"https:\/\/noticiaempauta.com\/portal\/#organization"},"image":{"@id":"https:\/\/noticiaempauta.com\/portal\/massape-do-piaui-alcanca-100-das-metas-do-programa-saude-na-escola-no-ciclo-2025-2026\/#primaryimage"},"thumbnailUrl":"https:\/\/noticiaempauta.com\/portal\/wp-content\/uploads\/2026\/09\/91c70b283e385301fe5664f149ed2b9f_.webp","articleSection":["Destaques","Geral","Munic\u00edpios","Todas as Not\u00edcias"],"inLanguage":"pt-BR"},{"@type":"WebPage","@id":"https:\/\/noticiaempauta.com\/portal\/massape-do-piaui-alcanca-100-das-metas-do-programa-saude-na-escola-no-ciclo-2025-2026\/","url":"https:\/\/noticiaempauta.com\/portal\/massape-do-piaui-alcanca-100-das-metas-do-programa-saude-na-escola-no-ciclo-2025-2026\/","name":"Massap\u00ea do Piau\u00ed alcan\u00e7a 100% das metas do Programa Sa\u00fade na Escola no ciclo 2025\/2026 - Portal Not\u00edcia em Pauta","isPartOf":{"@id":"https:\/\/noticiaempauta.com\/portal\/#website"},"primaryImageOfPage":{"@id":"https:\/\/noticiaempauta.com\/portal\/massape-do-piaui-alcanca-100-das-metas-do-programa-saude-na-escola-no-ciclo-2025-2026\/#primaryimage"},"image":{"@id":"https:\/\/noticiaempauta.com\/portal\/massape-do-piaui-alcanca-100-das-metas-do-programa-saude-na-escola-no-ciclo-2025-2026\/#primaryimage"},"thumbnailUrl":"https:\/\/noticiaempauta.com\/portal\/wp-content\/uploads\/2026\/09\/91c70b283e385301fe5664f149ed2b9f_.webp","datePublished":"2026-09-03T19:45:36+00:00","dateModified":"2026-09-03T19:45:37+00:00","breadcrumb":{"@id":"https:\/\/noticiaempauta.com\/portal\/massape-do-piaui-alcanca-100-das-metas-do-programa-saude-na-escola-no-ciclo-2025-2026\/#breadcrumb"},"inLanguage":"pt-BR","potentialAction":[{"@type":"ReadAction","target":["https:\/\/noticiaempauta.com\/portal\/massape-do-piaui-alcanca-100-das-metas-do-programa-saude-na-escola-no-ciclo-2025-2026\/"]}]},{"@type":"ImageObject","inLanguage":"pt-BR","@id":"https:\/\/noticiaempauta.com\/portal\/massape-do-piaui-alcanca-100-das-metas-do-programa-saude-na-escola-no-ciclo-2025-2026\/#primaryimage","url":"https:\/\/noticiaempauta.com\/portal\/wp-content\/uploads\/2026\/09\/91c70b283e385301fe5664f149ed2b9f_.webp","contentUrl":"https:\/\/noticiaempauta.com\/portal\/wp-content\/uploads\/2026\/09\/91c70b283e385301fe5664f149ed2b9f_.webp","width":640,"height":320},{"@type":"BreadcrumbList","@id":"https:\/\/noticiaempauta.com\/portal\/massape-do-piaui-alcanca-100-das-metas-do-programa-saude-na-escola-no-ciclo-2025-2026\/#breadcrumb","itemListElement":[{"@type":"ListItem","position":1,"name":"P\u00e1gina Inicial","item":"https:\/\/noticiaempauta.com\/portal\/"},{"@type":"ListItem","position":2,"name":"Destaques","item":"https:\/\/noticiaempauta.com\/portal\/destaques-site\/"},{"@type":"ListItem","position":3,"name":"Massap\u00ea do Piau\u00ed alcan\u00e7a 100% das metas do Programa Sa\u00fade na Escola no ciclo 2025\/2026"}]},{"@type":"WebSite","@id":"https:\/\/noticiaempauta.com\/portal\/#website","url":"https:\/\/noticiaempauta.com\/portal\/","name":"Portal Not\u00edcia em Pauta","description":"Voc\u00ea bem informado","publisher":{"@id":"https:\/\/noticiaempauta.com\/portal\/#organization"},"potentialAction":[{"@type":"SearchAction","target":{"@type":"EntryPoint","urlTemplate":"https:\/\/noticiaempauta.com\/portal\/?s={search_term_string}"},"query-input":{"@type":"PropertyValueSpecification","valueRequired":true,"valueName":"search_term_string"}}],"inLanguage":"pt-BR"},{"@type":"Organization","@id":"https:\/\/noticiaempauta.com\/portal\/#organization","name":"Portal Not\u00edcia em Pauta","url":"https:\/\/noticiaempauta.com\/portal\/","logo":{"@type":"ImageObject","inLanguage":"pt-BR","@id":"https:\/\/noticiaempauta.com\/portal\/#\/schema\/logo\/image\/","url":"https:\/\/noticiaempauta.com\/portal\/wp-content\/uploads\/2022\/08\/logomarca_tema.fw_.png","contentUrl":"https:\/\/noticiaempauta.com\/portal\/wp-content\/uploads\/2022\/08\/logomarca_tema.fw_.png","width":400,"height":232,"caption":"Portal Not\u00edcia em Pauta"},"image":{"@id":"https:\/\/noticiaempauta.com\/portal\/#\/schema\/logo\/image\/"},"sameAs":["https:\/\/www.facebook.com\/Portal-Notcia-Em-Pauta-102292869264820\/","https:\/\/www.instagram.com\/portalnoticiaempauta\/"]},{"@type":"Person","@id":"https:\/\/noticiaempauta.com\/portal\/#\/schema\/person\/a74af43dd1ab3deca45f988c717d57ac","name":"Reda\u00e7\u00e3o","image":{"@type":"ImageObject","inLanguage":"pt-BR","@id":"https:\/\/noticiaempauta.com\/portal\/#\/schema\/person\/image\/","url":"https:\/\/secure.gravatar.com\/avatar\/03179346ecce6cdfc13361603e8f54242a90e5cde8618fa23c5c00aa2b0aadf3?s=96&d=mm&r=g","contentUrl":"https:\/\/secure.gravatar.com\/avatar\/03179346ecce6cdfc13361603e8f54242a90e5cde8618fa23c5c00aa2b0aadf3?s=96&d=mm&r=g","caption":"Reda\u00e7\u00e3o"},"sameAs":["https:\/\/noticiaempauta.com\/portal\/"],"url":"https:\/\/noticiaempauta.com\/portal\/author\/fernando\/"}]}},"_links":{"self":[{"href":"https:\/\/noticiaempauta.com\/portal\/wp-json\/wp\/v2\/posts\/294250","targetHints":{"allow":["GET"]}}],"collection":[{"href":"https:\/\/noticiaempauta.com\/portal\/wp-json\/wp\/v2\/posts"}],"about":[{"href":"https:\/\/noticiaempauta.com\/portal\/wp-json\/wp\/v2\/types\/post"}],"author":[{"embeddable":true,"href":"https:\/\/noticiaempauta.com\/portal\/wp-json\/wp\/v2\/users\/2"}],"replies":[{"embeddable":true,"href":"https:\/\/noticiaempauta.com\/portal\/wp-json\/wp\/v2\/comments?post=294250"}],"version-history":[{"count":2,"href":"https:\/\/noticiaempauta.com\/portal\/wp-json\/wp\/v2\/posts\/294250\/revisions"}],"predecessor-version":[{"id":294254,"href":"https:\/\/noticiaempauta.com\/portal\/wp-json\/wp\/v2\/posts\/294250\/revisions\/294254"}],"wp:featuredmedia":[{"embeddable":true,"href":"https:\/\/noticiaempauta.com\/portal\/wp-json\/wp\/v2\/media\/294252"}],"wp:attachment":[{"href":"https:\/\/noticiaempauta.com\/portal\/wp-json\/wp\/v2\/media?parent=294250"}],"wp:term":[{"taxonomy":"category","embeddable":true,"href":"https:\/\/noticiaempauta.com\/portal\/wp-json\/wp\/v2\/categories?post=294250"},{"taxonomy":"post_tag","embeddable":true,"href":"https:\/\/noticiaempauta.com\/portal\/wp-json\/wp\/v2\/tags?post=294250"}],"curies":[{"name":"wp","href":"https:\/\/api.w.org\/{rel}","templated":true}]}}