{"id":294255,"date":"2026-09-03T18:43:11","date_gmt":"2026-09-03T21:43:11","guid":{"rendered":"https:\/\/noticiaempauta.com\/portal\/?p=294255"},"modified":"2026-09-03T18:46:26","modified_gmt":"2026-09-03T21:46:26","slug":"faculdade-r-sa-conquista-dois-titulos-nacionais-no-expocom-e-faz-historia-para-o-piaui","status":"publish","type":"post","link":"https:\/\/noticiaempauta.com\/portal\/faculdade-r-sa-conquista-dois-titulos-nacionais-no-expocom-e-faz-historia-para-o-piaui\/","title":{"rendered":"Faculdade R.S\u00c1 conquista dois t\u00edtulos nacionais no Expocom e faz hist\u00f3ria para o Piau\u00ed"},"content":{"rendered":"\n<p class=\"wp-block-paragraph\">A Faculdade R.S\u00e1 fez hist\u00f3ria no Intercom Nacional 2026 ao conquistar o primeiro lugar em duas categorias do Expocom Nacional, uma das principais premia\u00e7\u00f5es universit\u00e1rias de produtos experimentais em Comunica\u00e7\u00e3o do pa\u00eds. Os t\u00edtulos foram conquistados com o curta-metragem&nbsp;<em>De Onde Eu Venho<\/em>, na categoria CA 01 \u2013 Filme de Fic\u00e7\u00e3o, e com o document\u00e1rio&nbsp;<em>Esculpido no Esquecimento<\/em>, na categoria CA 02 \u2013 Document\u00e1rio.<\/p>\n\n\n\n<figure class=\"wp-block-image size-large\"><img fetchpriority=\"high\" decoding=\"async\" width=\"1024\" height=\"854\" src=\"https:\/\/noticiaempauta.com\/portal\/wp-content\/uploads\/2026\/09\/IMG_3103-1024x854.webp\" alt=\"\" class=\"wp-image-294257\" srcset=\"https:\/\/noticiaempauta.com\/portal\/wp-content\/uploads\/2026\/09\/IMG_3103-1024x854.webp 1024w, https:\/\/noticiaempauta.com\/portal\/wp-content\/uploads\/2026\/09\/IMG_3103-300x250.webp 300w, https:\/\/noticiaempauta.com\/portal\/wp-content\/uploads\/2026\/09\/IMG_3103-768x641.webp 768w, https:\/\/noticiaempauta.com\/portal\/wp-content\/uploads\/2026\/09\/IMG_3103-1536x1281.webp 1536w, https:\/\/noticiaempauta.com\/portal\/wp-content\/uploads\/2026\/09\/IMG_3103-2048x1708.webp 2048w\" sizes=\"(max-width: 1024px) 100vw, 1024px\" \/><\/figure>\n\n\n\n<p class=\"wp-block-paragraph\">O resultado foi anunciado durante a etapa nacional do Intercom, realizada em Bras\u00edlia (DF), reunindo estudantes, professores, pesquisadores e profissionais da Comunica\u00e7\u00e3o de diferentes regi\u00f5es do Brasil. Com a dupla vit\u00f3ria, a Faculdade R.S\u00e1 levou o nome do Piau\u00ed ao topo da competi\u00e7\u00e3o nacional e refor\u00e7ou a relev\u00e2ncia da produ\u00e7\u00e3o audiovisual desenvolvida no estado.<\/p>\n\n\n\n<figure class=\"wp-block-image size-large\"><img decoding=\"async\" width=\"768\" height=\"1024\" src=\"https:\/\/noticiaempauta.com\/portal\/wp-content\/uploads\/2026\/09\/IMG_3106-768x1024.webp\" alt=\"\" class=\"wp-image-294258\" srcset=\"https:\/\/noticiaempauta.com\/portal\/wp-content\/uploads\/2026\/09\/IMG_3106-768x1024.webp 768w, https:\/\/noticiaempauta.com\/portal\/wp-content\/uploads\/2026\/09\/IMG_3106-225x300.webp 225w, https:\/\/noticiaempauta.com\/portal\/wp-content\/uploads\/2026\/09\/IMG_3106.webp 960w\" sizes=\"(max-width: 768px) 100vw, 768px\" \/><\/figure>\n\n\n\n<p class=\"wp-block-paragraph\">Na categoria Filme de Fic\u00e7\u00e3o, o primeiro lugar nacional foi conquistado pelo curta-metragem&nbsp;<em>De Onde Eu Venho<\/em>, produzido pelos estudantes Amilton Mac\u00e1rio, Jamile Bezerra, Luan Cardoso, Jennyfer Nascimento e Victor Guilherme, com orienta\u00e7\u00e3o da professora especialista Bruna Moura F\u00e9 e do professor mestre Isael Pereira.<\/p>\n\n\n\n<p class=\"wp-block-paragraph\">A produ\u00e7\u00e3o foi desenvolvida a partir de um projeto de extens\u00e3o interdisciplinar envolvendo as disciplinas de Cinema e Document\u00e1rio e Jornalismo Contextualizado com o Semi\u00e1rido. O trabalho integra forma\u00e7\u00e3o acad\u00eamica, produ\u00e7\u00e3o audiovisual e valoriza\u00e7\u00e3o das narrativas e experi\u00eancias do territ\u00f3rio.<\/p>\n\n\n\n<p class=\"wp-block-paragraph\">Para Amilton Mac\u00e1rio, um dos autores do curta, a conquista ultrapassa os limites da equipe e representa um reconhecimento coletivo \u00e0 educa\u00e7\u00e3o e \u00e0 produ\u00e7\u00e3o realizada no estado.<\/p>\n\n\n\n<p class=\"wp-block-paragraph\">\u201cEste \u00e9 um pr\u00eamio que n\u00e3o \u00e9 nosso, \u00e9 de todo o Piau\u00ed, Nordeste e de quem acredita na educa\u00e7\u00e3o para a transforma\u00e7\u00e3o. Pela primeira vez o Piau\u00ed subiu no palco do maior evento de comunica\u00e7\u00e3o do pa\u00eds e leva para casa o primeiro lugar. Meu cora\u00e7\u00e3o \u00e9 s\u00f3 gratid\u00e3o a tudo e a todos que acreditaram e torceram pela gente, mesmo quando n\u00f3s nem acredit\u00e1vamos. Enfim, s\u00f3 gratid\u00e3o!\u201d<\/p>\n\n\n\n<p class=\"wp-block-paragraph\">A jornalista egressa da Faculdade R.S\u00e1, Jamile Bezerra, tamb\u00e9m destacou a emo\u00e7\u00e3o de representar o estado e a institui\u00e7\u00e3o em um evento de dimens\u00e3o nacional, ressaltando o potencial presente no Piau\u00ed.<\/p>\n\n\n\n<p class=\"wp-block-paragraph\">\u201c\u00c9 uma grande alegria poder estar aqui representando o Piau\u00ed e a nossa institui\u00e7\u00e3o. Isso s\u00f3 mostra o quanto a nossa terra carrega pessoas capazes e possui grandes potencialidades. Gratid\u00e3o aos professores, aos meus colegas e a todos que contribu\u00edram para esse feito!\u201d<\/p>\n\n\n\n<p class=\"wp-block-paragraph\">O estudante Victor Guilherme tamb\u00e9m destacou a alegria de representar a Faculdade R.S\u00e1 e o Estado do Piau\u00ed, reafirmando a for\u00e7a da educa\u00e7\u00e3o na transforma\u00e7\u00e3o e realiza\u00e7\u00e3o de sonhos.<\/p>\n\n\n\n<figure class=\"wp-block-image size-large\"><img decoding=\"async\" width=\"1024\" height=\"768\" src=\"https:\/\/noticiaempauta.com\/portal\/wp-content\/uploads\/2026\/09\/IMG_3104-1024x768.webp\" alt=\"\" class=\"wp-image-294260\" srcset=\"https:\/\/noticiaempauta.com\/portal\/wp-content\/uploads\/2026\/09\/IMG_3104-1024x768.webp 1024w, https:\/\/noticiaempauta.com\/portal\/wp-content\/uploads\/2026\/09\/IMG_3104-300x225.webp 300w, https:\/\/noticiaempauta.com\/portal\/wp-content\/uploads\/2026\/09\/IMG_3104-768x576.webp 768w, https:\/\/noticiaempauta.com\/portal\/wp-content\/uploads\/2026\/09\/IMG_3104-1536x1152.webp 1536w, https:\/\/noticiaempauta.com\/portal\/wp-content\/uploads\/2026\/09\/IMG_3104.webp 1600w\" sizes=\"(max-width: 1024px) 100vw, 1024px\" \/><\/figure>\n\n\n\n<p class=\"wp-block-paragraph\">\u201c\u00c9 um momento muito gratificante poder levar o nome da Faculdade R. S\u00e1, da cidade de Picos e do estado do Piau\u00ed para todo o Brasil, mostrando a for\u00e7a e a capacidade do povo nordestino.Agrade\u00e7o aos nossos professores, que contribu\u00edram para essa conquista, e aos colegas de turma, por todo o incentivo, carinho e apoio. Essa vit\u00f3ria refor\u00e7a a certeza de que a educa\u00e7\u00e3o transforma vidas e nos d\u00e1 for\u00e7as para superar desafios e conquistar novos caminhos. O estudo \u00e9 uma das ferramentas mais poderosas para vencermos e realizarmos nossos sonhos\u201d.<\/p>\n\n\n\n<p class=\"wp-block-paragraph\">J\u00e1 na categoria Document\u00e1rio, a Faculdade R.S\u00e1 conquistou o primeiro lugar nacional com&nbsp;<em>Esculpido no Esquecimento<\/em>, produ\u00e7\u00e3o de autoria da jornalista e egressa Nayara Paiva, sob orienta\u00e7\u00e3o do professor mestre Isael Pereira.<\/p>\n\n\n\n<p class=\"wp-block-paragraph\">Desenvolvido como Trabalho de Conclus\u00e3o de Curso, o document\u00e1rio percorreu diferentes pontos do estado para abordar a riqueza das pinturas rupestres existentes na macrorregi\u00e3o de Picos, chamando aten\u00e7\u00e3o para a valoriza\u00e7\u00e3o, preserva\u00e7\u00e3o e reconhecimento desse patrim\u00f4nio hist\u00f3rico e cultural.<\/p>\n\n\n\n<p class=\"wp-block-paragraph\">A produ\u00e7\u00e3o chegou \u00e0 etapa nacional ap\u00f3s conquistar o primeiro lugar na fase regional do Expocom Nordeste. Para Nayara Paiva, o reconhecimento representa a confirma\u00e7\u00e3o de que todo o esfor\u00e7o empregado na realiza\u00e7\u00e3o do trabalho valeu a pena.<\/p>\n\n\n\n<p class=\"wp-block-paragraph\">\u201cPela primeira vez na hist\u00f3ria o Piau\u00ed sobe ao p\u00f3dio do pr\u00eamio nacional de Comunica\u00e7\u00e3o. Uma produ\u00e7\u00e3o in\u00e9dita que nasceu de um TCC. Sinto que todo trabalho valeu a pena, os 1.300 km percorridos pelo estado. Esse \u00e9 o nosso trabalho e somos ensinados a isso: ser voz, dar voz e representatividade!\u201d<\/p>\n\n\n\n<p class=\"wp-block-paragraph\">O resultado tamb\u00e9m evidencia a import\u00e2ncia da produ\u00e7\u00e3o acad\u00eamica como instrumento de valoriza\u00e7\u00e3o da realidade regional. Ao transformar uma pesquisa desenvolvida durante a gradua\u00e7\u00e3o em uma produ\u00e7\u00e3o reconhecida nacionalmente,&nbsp;<em>Esculpido no Esquecimento<\/em>&nbsp;amplia a visibilidade de um patrim\u00f4nio cultural que integra a hist\u00f3ria do territ\u00f3rio piauiense.<\/p>\n\n\n\n<figure class=\"wp-block-image size-large\"><img loading=\"lazy\" decoding=\"async\" width=\"576\" height=\"1024\" src=\"https:\/\/noticiaempauta.com\/portal\/wp-content\/uploads\/2026\/09\/IMG_3105-576x1024.webp\" alt=\"\" class=\"wp-image-294261\" srcset=\"https:\/\/noticiaempauta.com\/portal\/wp-content\/uploads\/2026\/09\/IMG_3105-576x1024.webp 576w, https:\/\/noticiaempauta.com\/portal\/wp-content\/uploads\/2026\/09\/IMG_3105-169x300.webp 169w, https:\/\/noticiaempauta.com\/portal\/wp-content\/uploads\/2026\/09\/IMG_3105.webp 720w\" sizes=\"(max-width: 576px) 100vw, 576px\" \/><\/figure>\n\n\n\n<p class=\"wp-block-paragraph\">Para o coordenador do curso de Jornalismo da Faculdade R.S\u00e1, professor mestre Isael Pereira, a conquista representa um dos momentos mais marcantes de sua trajet\u00f3ria como docente e demonstra a for\u00e7a do audiovisual produzido no estado.<\/p>\n\n\n\n<p class=\"wp-block-paragraph\">\u201cNa minha trajet\u00f3ria como professor de Jornalismo, poucas vezes senti uma felicidade e uma emo\u00e7\u00e3o t\u00e3o grandes como esta. Rompemos barreiras, superamos estere\u00f3tipos e mostramos a for\u00e7a do audiovisual produzido no Piau\u00ed. Levamos o nome da Faculdade R.S\u00e1 e do nosso estado ao topo do Brasil, conquistando o Expocom Nacional nas categorias Filme de Fic\u00e7\u00e3o e Document\u00e1rio. Mais do que dois trof\u00e9us, essas conquistas representam talento, forma\u00e7\u00e3o, resist\u00eancia e a certeza de que o Piau\u00ed tem hist\u00f3rias, profissionais e produ\u00e7\u00f5es capazes de ocupar os maiores espa\u00e7os da comunica\u00e7\u00e3o brasileira. Que orgulho dos nossos alunos e de tudo o que constru\u00edmos juntos!\u201d<\/p>\n\n\n\n<p class=\"wp-block-paragraph\">Al\u00e9m das duas vit\u00f3rias no Expocom Nacional, a Faculdade R.S\u00e1 tamb\u00e9m esteve representada na programa\u00e7\u00e3o cient\u00edfica do Intercom. O professor mestre Isael de Sousa Pereira participou do Grupo de Pesquisa Cinema, com o trabalho&nbsp;<em>\u201cO Anjo Torto da Tropic\u00e1lia\u201d: Torquato Neto e sua contribui\u00e7\u00e3o para o cinema piauiense<\/em>.<\/p>\n\n\n\n<p class=\"wp-block-paragraph\">A presen\u00e7a no Grupo de Pesquisa amplia a participa\u00e7\u00e3o da institui\u00e7\u00e3o no congresso e demonstra a atua\u00e7\u00e3o do curso de Jornalismo tamb\u00e9m no campo da pesquisa e da produ\u00e7\u00e3o cient\u00edfica, fortalecendo o di\u00e1logo entre forma\u00e7\u00e3o acad\u00eamica, produ\u00e7\u00e3o audiovisual e investiga\u00e7\u00e3o sobre a cultura piauiense.<\/p>\n\n\n\n<p class=\"wp-block-paragraph\">A dupla conquista no Expocom Nacional 2026 marca um momento hist\u00f3rico para a Faculdade R.S\u00e1 e para o Piau\u00ed. Pela primeira vez, a institui\u00e7\u00e3o alcan\u00e7a o topo da competi\u00e7\u00e3o nacional em duas categorias, com produ\u00e7\u00f5es desenvolvidas por estudantes e egressos do curso de Jornalismo.<\/p>\n\n\n\n<p class=\"wp-block-paragraph\">Mais do que dois trof\u00e9us, os resultados representam o reconhecimento de talentos formados no Piau\u00ed, do trabalho dos professores e da pot\u00eancia de hist\u00f3rias produzidas a partir do pr\u00f3prio territ\u00f3rio. A conquista tamb\u00e9m refor\u00e7a o papel da educa\u00e7\u00e3o, da pesquisa e da extens\u00e3o na forma\u00e7\u00e3o de profissionais capazes de transformar experi\u00eancias locais em produ\u00e7\u00f5es com alcance nacional.<\/p>\n\n\n\n<p class=\"wp-block-paragraph\">Em Bras\u00edlia, a Faculdade R.S\u00e1 levou o nome do Piau\u00ed ao palco do maior evento de Comunica\u00e7\u00e3o do pa\u00eds e mostrou que as hist\u00f3rias, os talentos e a produ\u00e7\u00e3o audiovisual piauiense t\u00eam espa\u00e7o entre os melhores do Brasil.<\/p>\n\n\n\n<p class=\"wp-block-paragraph\"><strong>Fonte: <\/strong>ASCOM RS\u00c1<\/p>\n\n\n\n<p class=\"wp-block-paragraph\"><\/p>\n","protected":false},"excerpt":{"rendered":"<p>A Faculdade R.S\u00e1 fez hist\u00f3ria no Intercom Nacional 2026 ao conquistar o primeiro lugar em duas categorias do Expocom Nacional, uma das principais premia\u00e7\u00f5es universit\u00e1rias de produtos experimentais em Comunica\u00e7\u00e3o do pa\u00eds. Os t\u00edtulos foram conquistados com o curta-metragem&nbsp;De Onde Eu Venho, na categoria CA 01 \u2013 Filme de Fic\u00e7\u00e3o, e com o document\u00e1rio&nbsp;Esculpido no [&hellip;]<\/p>\n","protected":false},"author":2,"featured_media":294257,"comment_status":"closed","ping_status":"closed","sticky":false,"template":"","format":"standard","meta":{"_mi_skip_tracking":false,"footnotes":""},"categories":[25,1,16],"tags":[],"class_list":["post-294255","post","type-post","status-publish","format-standard","has-post-thumbnail","hentry","category-destaques-site","category-geral","category-todas"],"acf":[],"yoast_head":"<!-- This site is optimized with the Yoast SEO Premium plugin v19.2 (Yoast SEO v26.9) - https:\/\/yoast.com\/product\/yoast-seo-premium-wordpress\/ -->\n<title>Faculdade R.S\u00c1 conquista dois t\u00edtulos nacionais no Expocom e faz hist\u00f3ria para o Piau\u00ed - Portal Not\u00edcia em Pauta<\/title>\n<meta name=\"robots\" content=\"index, follow, max-snippet:-1, max-image-preview:large, max-video-preview:-1\" \/>\n<link rel=\"canonical\" href=\"https:\/\/noticiaempauta.com\/portal\/faculdade-r-sa-conquista-dois-titulos-nacionais-no-expocom-e-faz-historia-para-o-piaui\/\" \/>\n<meta property=\"og:locale\" content=\"pt_BR\" \/>\n<meta property=\"og:type\" content=\"article\" \/>\n<meta property=\"og:title\" content=\"Faculdade R.S\u00c1 conquista dois t\u00edtulos nacionais no Expocom e faz hist\u00f3ria para o Piau\u00ed\" \/>\n<meta property=\"og:description\" content=\"A Faculdade R.S\u00e1 fez hist\u00f3ria no Intercom Nacional 2026 ao conquistar o primeiro lugar em duas categorias do Expocom Nacional, uma das principais premia\u00e7\u00f5es universit\u00e1rias de produtos experimentais em Comunica\u00e7\u00e3o do pa\u00eds. Os t\u00edtulos foram conquistados com o curta-metragem&nbsp;De Onde Eu Venho, na categoria CA 01 \u2013 Filme de Fic\u00e7\u00e3o, e com o document\u00e1rio&nbsp;Esculpido no [&hellip;]\" \/>\n<meta property=\"og:url\" content=\"https:\/\/noticiaempauta.com\/portal\/faculdade-r-sa-conquista-dois-titulos-nacionais-no-expocom-e-faz-historia-para-o-piaui\/\" \/>\n<meta property=\"og:site_name\" content=\"Portal Not\u00edcia em Pauta\" \/>\n<meta property=\"article:publisher\" content=\"https:\/\/www.facebook.com\/Portal-Notcia-Em-Pauta-102292869264820\/\" \/>\n<meta property=\"article:published_time\" content=\"2026-09-03T21:43:11+00:00\" \/>\n<meta property=\"article:modified_time\" content=\"2026-09-03T21:46:26+00:00\" \/>\n<meta property=\"og:image\" content=\"https:\/\/noticiaempauta.com\/portal\/wp-content\/uploads\/2026\/09\/IMG_3103-scaled.webp\" \/>\n\t<meta property=\"og:image:width\" content=\"2560\" \/>\n\t<meta property=\"og:image:height\" content=\"2135\" \/>\n\t<meta property=\"og:image:type\" content=\"image\/webp\" \/>\n<meta name=\"author\" content=\"Reda\u00e7\u00e3o\" \/>\n<meta name=\"twitter:card\" content=\"summary_large_image\" \/>\n<meta name=\"twitter:label1\" content=\"Escrito por\" \/>\n\t<meta name=\"twitter:data1\" content=\"Reda\u00e7\u00e3o\" \/>\n\t<meta name=\"twitter:label2\" content=\"Est. tempo de leitura\" \/>\n\t<meta name=\"twitter:data2\" content=\"7 minutos\" \/>\n<script type=\"application\/ld+json\" class=\"yoast-schema-graph\">{\"@context\":\"https:\/\/schema.org\",\"@graph\":[{\"@type\":\"Article\",\"@id\":\"https:\/\/noticiaempauta.com\/portal\/faculdade-r-sa-conquista-dois-titulos-nacionais-no-expocom-e-faz-historia-para-o-piaui\/#article\",\"isPartOf\":{\"@id\":\"https:\/\/noticiaempauta.com\/portal\/faculdade-r-sa-conquista-dois-titulos-nacionais-no-expocom-e-faz-historia-para-o-piaui\/\"},\"author\":{\"name\":\"Reda\u00e7\u00e3o\",\"@id\":\"https:\/\/noticiaempauta.com\/portal\/#\/schema\/person\/a74af43dd1ab3deca45f988c717d57ac\"},\"headline\":\"Faculdade R.S\u00c1 conquista dois t\u00edtulos nacionais no Expocom e faz hist\u00f3ria para o Piau\u00ed\",\"datePublished\":\"2026-09-03T21:43:11+00:00\",\"dateModified\":\"2026-09-03T21:46:26+00:00\",\"mainEntityOfPage\":{\"@id\":\"https:\/\/noticiaempauta.com\/portal\/faculdade-r-sa-conquista-dois-titulos-nacionais-no-expocom-e-faz-historia-para-o-piaui\/\"},\"wordCount\":1244,\"publisher\":{\"@id\":\"https:\/\/noticiaempauta.com\/portal\/#organization\"},\"image\":{\"@id\":\"https:\/\/noticiaempauta.com\/portal\/faculdade-r-sa-conquista-dois-titulos-nacionais-no-expocom-e-faz-historia-para-o-piaui\/#primaryimage\"},\"thumbnailUrl\":\"https:\/\/noticiaempauta.com\/portal\/wp-content\/uploads\/2026\/09\/IMG_3103-scaled.webp\",\"articleSection\":[\"Destaques\",\"Geral\",\"Todas as Not\u00edcias\"],\"inLanguage\":\"pt-BR\"},{\"@type\":\"WebPage\",\"@id\":\"https:\/\/noticiaempauta.com\/portal\/faculdade-r-sa-conquista-dois-titulos-nacionais-no-expocom-e-faz-historia-para-o-piaui\/\",\"url\":\"https:\/\/noticiaempauta.com\/portal\/faculdade-r-sa-conquista-dois-titulos-nacionais-no-expocom-e-faz-historia-para-o-piaui\/\",\"name\":\"Faculdade R.S\u00c1 conquista dois t\u00edtulos nacionais no Expocom e faz hist\u00f3ria para o Piau\u00ed - Portal Not\u00edcia em Pauta\",\"isPartOf\":{\"@id\":\"https:\/\/noticiaempauta.com\/portal\/#website\"},\"primaryImageOfPage\":{\"@id\":\"https:\/\/noticiaempauta.com\/portal\/faculdade-r-sa-conquista-dois-titulos-nacionais-no-expocom-e-faz-historia-para-o-piaui\/#primaryimage\"},\"image\":{\"@id\":\"https:\/\/noticiaempauta.com\/portal\/faculdade-r-sa-conquista-dois-titulos-nacionais-no-expocom-e-faz-historia-para-o-piaui\/#primaryimage\"},\"thumbnailUrl\":\"https:\/\/noticiaempauta.com\/portal\/wp-content\/uploads\/2026\/09\/IMG_3103-scaled.webp\",\"datePublished\":\"2026-09-03T21:43:11+00:00\",\"dateModified\":\"2026-09-03T21:46:26+00:00\",\"breadcrumb\":{\"@id\":\"https:\/\/noticiaempauta.com\/portal\/faculdade-r-sa-conquista-dois-titulos-nacionais-no-expocom-e-faz-historia-para-o-piaui\/#breadcrumb\"},\"inLanguage\":\"pt-BR\",\"potentialAction\":[{\"@type\":\"ReadAction\",\"target\":[\"https:\/\/noticiaempauta.com\/portal\/faculdade-r-sa-conquista-dois-titulos-nacionais-no-expocom-e-faz-historia-para-o-piaui\/\"]}]},{\"@type\":\"ImageObject\",\"inLanguage\":\"pt-BR\",\"@id\":\"https:\/\/noticiaempauta.com\/portal\/faculdade-r-sa-conquista-dois-titulos-nacionais-no-expocom-e-faz-historia-para-o-piaui\/#primaryimage\",\"url\":\"https:\/\/noticiaempauta.com\/portal\/wp-content\/uploads\/2026\/09\/IMG_3103-scaled.webp\",\"contentUrl\":\"https:\/\/noticiaempauta.com\/portal\/wp-content\/uploads\/2026\/09\/IMG_3103-scaled.webp\",\"width\":2560,\"height\":2135},{\"@type\":\"BreadcrumbList\",\"@id\":\"https:\/\/noticiaempauta.com\/portal\/faculdade-r-sa-conquista-dois-titulos-nacionais-no-expocom-e-faz-historia-para-o-piaui\/#breadcrumb\",\"itemListElement\":[{\"@type\":\"ListItem\",\"position\":1,\"name\":\"P\u00e1gina Inicial\",\"item\":\"https:\/\/noticiaempauta.com\/portal\/\"},{\"@type\":\"ListItem\",\"position\":2,\"name\":\"Geral\",\"item\":\"https:\/\/noticiaempauta.com\/portal\/geral\/\"},{\"@type\":\"ListItem\",\"position\":3,\"name\":\"Faculdade R.S\u00c1 conquista dois t\u00edtulos nacionais no Expocom e faz hist\u00f3ria para o Piau\u00ed\"}]},{\"@type\":\"WebSite\",\"@id\":\"https:\/\/noticiaempauta.com\/portal\/#website\",\"url\":\"https:\/\/noticiaempauta.com\/portal\/\",\"name\":\"Portal Not\u00edcia em Pauta\",\"description\":\"Voc\u00ea bem informado\",\"publisher\":{\"@id\":\"https:\/\/noticiaempauta.com\/portal\/#organization\"},\"potentialAction\":[{\"@type\":\"SearchAction\",\"target\":{\"@type\":\"EntryPoint\",\"urlTemplate\":\"https:\/\/noticiaempauta.com\/portal\/?s={search_term_string}\"},\"query-input\":{\"@type\":\"PropertyValueSpecification\",\"valueRequired\":true,\"valueName\":\"search_term_string\"}}],\"inLanguage\":\"pt-BR\"},{\"@type\":\"Organization\",\"@id\":\"https:\/\/noticiaempauta.com\/portal\/#organization\",\"name\":\"Portal Not\u00edcia em Pauta\",\"url\":\"https:\/\/noticiaempauta.com\/portal\/\",\"logo\":{\"@type\":\"ImageObject\",\"inLanguage\":\"pt-BR\",\"@id\":\"https:\/\/noticiaempauta.com\/portal\/#\/schema\/logo\/image\/\",\"url\":\"https:\/\/noticiaempauta.com\/portal\/wp-content\/uploads\/2022\/08\/logomarca_tema.fw_.png\",\"contentUrl\":\"https:\/\/noticiaempauta.com\/portal\/wp-content\/uploads\/2022\/08\/logomarca_tema.fw_.png\",\"width\":400,\"height\":232,\"caption\":\"Portal Not\u00edcia em Pauta\"},\"image\":{\"@id\":\"https:\/\/noticiaempauta.com\/portal\/#\/schema\/logo\/image\/\"},\"sameAs\":[\"https:\/\/www.facebook.com\/Portal-Notcia-Em-Pauta-102292869264820\/\",\"https:\/\/www.instagram.com\/portalnoticiaempauta\/\"]},{\"@type\":\"Person\",\"@id\":\"https:\/\/noticiaempauta.com\/portal\/#\/schema\/person\/a74af43dd1ab3deca45f988c717d57ac\",\"name\":\"Reda\u00e7\u00e3o\",\"image\":{\"@type\":\"ImageObject\",\"inLanguage\":\"pt-BR\",\"@id\":\"https:\/\/noticiaempauta.com\/portal\/#\/schema\/person\/image\/\",\"url\":\"https:\/\/secure.gravatar.com\/avatar\/03179346ecce6cdfc13361603e8f54242a90e5cde8618fa23c5c00aa2b0aadf3?s=96&d=mm&r=g\",\"contentUrl\":\"https:\/\/secure.gravatar.com\/avatar\/03179346ecce6cdfc13361603e8f54242a90e5cde8618fa23c5c00aa2b0aadf3?s=96&d=mm&r=g\",\"caption\":\"Reda\u00e7\u00e3o\"},\"sameAs\":[\"https:\/\/noticiaempauta.com\/portal\/\"],\"url\":\"https:\/\/noticiaempauta.com\/portal\/author\/fernando\/\"}]}<\/script>\n<!-- \/ Yoast SEO Premium plugin. -->","yoast_head_json":{"title":"Faculdade R.S\u00c1 conquista dois t\u00edtulos nacionais no Expocom e faz hist\u00f3ria para o Piau\u00ed - Portal Not\u00edcia em Pauta","robots":{"index":"index","follow":"follow","max-snippet":"max-snippet:-1","max-image-preview":"max-image-preview:large","max-video-preview":"max-video-preview:-1"},"canonical":"https:\/\/noticiaempauta.com\/portal\/faculdade-r-sa-conquista-dois-titulos-nacionais-no-expocom-e-faz-historia-para-o-piaui\/","og_locale":"pt_BR","og_type":"article","og_title":"Faculdade R.S\u00c1 conquista dois t\u00edtulos nacionais no Expocom e faz hist\u00f3ria para o Piau\u00ed","og_description":"A Faculdade R.S\u00e1 fez hist\u00f3ria no Intercom Nacional 2026 ao conquistar o primeiro lugar em duas categorias do Expocom Nacional, uma das principais premia\u00e7\u00f5es universit\u00e1rias de produtos experimentais em Comunica\u00e7\u00e3o do pa\u00eds. Os t\u00edtulos foram conquistados com o curta-metragem&nbsp;De Onde Eu Venho, na categoria CA 01 \u2013 Filme de Fic\u00e7\u00e3o, e com o document\u00e1rio&nbsp;Esculpido no [&hellip;]","og_url":"https:\/\/noticiaempauta.com\/portal\/faculdade-r-sa-conquista-dois-titulos-nacionais-no-expocom-e-faz-historia-para-o-piaui\/","og_site_name":"Portal Not\u00edcia em Pauta","article_publisher":"https:\/\/www.facebook.com\/Portal-Notcia-Em-Pauta-102292869264820\/","article_published_time":"2026-09-03T21:43:11+00:00","article_modified_time":"2026-09-03T21:46:26+00:00","og_image":[{"width":2560,"height":2135,"url":"https:\/\/noticiaempauta.com\/portal\/wp-content\/uploads\/2026\/09\/IMG_3103-scaled.webp","type":"image\/webp"}],"author":"Reda\u00e7\u00e3o","twitter_card":"summary_large_image","twitter_misc":{"Escrito por":"Reda\u00e7\u00e3o","Est. tempo de leitura":"7 minutos"},"schema":{"@context":"https:\/\/schema.org","@graph":[{"@type":"Article","@id":"https:\/\/noticiaempauta.com\/portal\/faculdade-r-sa-conquista-dois-titulos-nacionais-no-expocom-e-faz-historia-para-o-piaui\/#article","isPartOf":{"@id":"https:\/\/noticiaempauta.com\/portal\/faculdade-r-sa-conquista-dois-titulos-nacionais-no-expocom-e-faz-historia-para-o-piaui\/"},"author":{"name":"Reda\u00e7\u00e3o","@id":"https:\/\/noticiaempauta.com\/portal\/#\/schema\/person\/a74af43dd1ab3deca45f988c717d57ac"},"headline":"Faculdade R.S\u00c1 conquista dois t\u00edtulos nacionais no Expocom e faz hist\u00f3ria para o Piau\u00ed","datePublished":"2026-09-03T21:43:11+00:00","dateModified":"2026-09-03T21:46:26+00:00","mainEntityOfPage":{"@id":"https:\/\/noticiaempauta.com\/portal\/faculdade-r-sa-conquista-dois-titulos-nacionais-no-expocom-e-faz-historia-para-o-piaui\/"},"wordCount":1244,"publisher":{"@id":"https:\/\/noticiaempauta.com\/portal\/#organization"},"image":{"@id":"https:\/\/noticiaempauta.com\/portal\/faculdade-r-sa-conquista-dois-titulos-nacionais-no-expocom-e-faz-historia-para-o-piaui\/#primaryimage"},"thumbnailUrl":"https:\/\/noticiaempauta.com\/portal\/wp-content\/uploads\/2026\/09\/IMG_3103-scaled.webp","articleSection":["Destaques","Geral","Todas as Not\u00edcias"],"inLanguage":"pt-BR"},{"@type":"WebPage","@id":"https:\/\/noticiaempauta.com\/portal\/faculdade-r-sa-conquista-dois-titulos-nacionais-no-expocom-e-faz-historia-para-o-piaui\/","url":"https:\/\/noticiaempauta.com\/portal\/faculdade-r-sa-conquista-dois-titulos-nacionais-no-expocom-e-faz-historia-para-o-piaui\/","name":"Faculdade R.S\u00c1 conquista dois t\u00edtulos nacionais no Expocom e faz hist\u00f3ria para o Piau\u00ed - Portal Not\u00edcia em Pauta","isPartOf":{"@id":"https:\/\/noticiaempauta.com\/portal\/#website"},"primaryImageOfPage":{"@id":"https:\/\/noticiaempauta.com\/portal\/faculdade-r-sa-conquista-dois-titulos-nacionais-no-expocom-e-faz-historia-para-o-piaui\/#primaryimage"},"image":{"@id":"https:\/\/noticiaempauta.com\/portal\/faculdade-r-sa-conquista-dois-titulos-nacionais-no-expocom-e-faz-historia-para-o-piaui\/#primaryimage"},"thumbnailUrl":"https:\/\/noticiaempauta.com\/portal\/wp-content\/uploads\/2026\/09\/IMG_3103-scaled.webp","datePublished":"2026-09-03T21:43:11+00:00","dateModified":"2026-09-03T21:46:26+00:00","breadcrumb":{"@id":"https:\/\/noticiaempauta.com\/portal\/faculdade-r-sa-conquista-dois-titulos-nacionais-no-expocom-e-faz-historia-para-o-piaui\/#breadcrumb"},"inLanguage":"pt-BR","potentialAction":[{"@type":"ReadAction","target":["https:\/\/noticiaempauta.com\/portal\/faculdade-r-sa-conquista-dois-titulos-nacionais-no-expocom-e-faz-historia-para-o-piaui\/"]}]},{"@type":"ImageObject","inLanguage":"pt-BR","@id":"https:\/\/noticiaempauta.com\/portal\/faculdade-r-sa-conquista-dois-titulos-nacionais-no-expocom-e-faz-historia-para-o-piaui\/#primaryimage","url":"https:\/\/noticiaempauta.com\/portal\/wp-content\/uploads\/2026\/09\/IMG_3103-scaled.webp","contentUrl":"https:\/\/noticiaempauta.com\/portal\/wp-content\/uploads\/2026\/09\/IMG_3103-scaled.webp","width":2560,"height":2135},{"@type":"BreadcrumbList","@id":"https:\/\/noticiaempauta.com\/portal\/faculdade-r-sa-conquista-dois-titulos-nacionais-no-expocom-e-faz-historia-para-o-piaui\/#breadcrumb","itemListElement":[{"@type":"ListItem","position":1,"name":"P\u00e1gina Inicial","item":"https:\/\/noticiaempauta.com\/portal\/"},{"@type":"ListItem","position":2,"name":"Geral","item":"https:\/\/noticiaempauta.com\/portal\/geral\/"},{"@type":"ListItem","position":3,"name":"Faculdade R.S\u00c1 conquista dois t\u00edtulos nacionais no Expocom e faz hist\u00f3ria para o Piau\u00ed"}]},{"@type":"WebSite","@id":"https:\/\/noticiaempauta.com\/portal\/#website","url":"https:\/\/noticiaempauta.com\/portal\/","name":"Portal Not\u00edcia em Pauta","description":"Voc\u00ea bem informado","publisher":{"@id":"https:\/\/noticiaempauta.com\/portal\/#organization"},"potentialAction":[{"@type":"SearchAction","target":{"@type":"EntryPoint","urlTemplate":"https:\/\/noticiaempauta.com\/portal\/?s={search_term_string}"},"query-input":{"@type":"PropertyValueSpecification","valueRequired":true,"valueName":"search_term_string"}}],"inLanguage":"pt-BR"},{"@type":"Organization","@id":"https:\/\/noticiaempauta.com\/portal\/#organization","name":"Portal Not\u00edcia em Pauta","url":"https:\/\/noticiaempauta.com\/portal\/","logo":{"@type":"ImageObject","inLanguage":"pt-BR","@id":"https:\/\/noticiaempauta.com\/portal\/#\/schema\/logo\/image\/","url":"https:\/\/noticiaempauta.com\/portal\/wp-content\/uploads\/2022\/08\/logomarca_tema.fw_.png","contentUrl":"https:\/\/noticiaempauta.com\/portal\/wp-content\/uploads\/2022\/08\/logomarca_tema.fw_.png","width":400,"height":232,"caption":"Portal Not\u00edcia em Pauta"},"image":{"@id":"https:\/\/noticiaempauta.com\/portal\/#\/schema\/logo\/image\/"},"sameAs":["https:\/\/www.facebook.com\/Portal-Notcia-Em-Pauta-102292869264820\/","https:\/\/www.instagram.com\/portalnoticiaempauta\/"]},{"@type":"Person","@id":"https:\/\/noticiaempauta.com\/portal\/#\/schema\/person\/a74af43dd1ab3deca45f988c717d57ac","name":"Reda\u00e7\u00e3o","image":{"@type":"ImageObject","inLanguage":"pt-BR","@id":"https:\/\/noticiaempauta.com\/portal\/#\/schema\/person\/image\/","url":"https:\/\/secure.gravatar.com\/avatar\/03179346ecce6cdfc13361603e8f54242a90e5cde8618fa23c5c00aa2b0aadf3?s=96&d=mm&r=g","contentUrl":"https:\/\/secure.gravatar.com\/avatar\/03179346ecce6cdfc13361603e8f54242a90e5cde8618fa23c5c00aa2b0aadf3?s=96&d=mm&r=g","caption":"Reda\u00e7\u00e3o"},"sameAs":["https:\/\/noticiaempauta.com\/portal\/"],"url":"https:\/\/noticiaempauta.com\/portal\/author\/fernando\/"}]}},"_links":{"self":[{"href":"https:\/\/noticiaempauta.com\/portal\/wp-json\/wp\/v2\/posts\/294255","targetHints":{"allow":["GET"]}}],"collection":[{"href":"https:\/\/noticiaempauta.com\/portal\/wp-json\/wp\/v2\/posts"}],"about":[{"href":"https:\/\/noticiaempauta.com\/portal\/wp-json\/wp\/v2\/types\/post"}],"author":[{"embeddable":true,"href":"https:\/\/noticiaempauta.com\/portal\/wp-json\/wp\/v2\/users\/2"}],"replies":[{"embeddable":true,"href":"https:\/\/noticiaempauta.com\/portal\/wp-json\/wp\/v2\/comments?post=294255"}],"version-history":[{"count":4,"href":"https:\/\/noticiaempauta.com\/portal\/wp-json\/wp\/v2\/posts\/294255\/revisions"}],"predecessor-version":[{"id":294264,"href":"https:\/\/noticiaempauta.com\/portal\/wp-json\/wp\/v2\/posts\/294255\/revisions\/294264"}],"wp:featuredmedia":[{"embeddable":true,"href":"https:\/\/noticiaempauta.com\/portal\/wp-json\/wp\/v2\/media\/294257"}],"wp:attachment":[{"href":"https:\/\/noticiaempauta.com\/portal\/wp-json\/wp\/v2\/media?parent=294255"}],"wp:term":[{"taxonomy":"category","embeddable":true,"href":"https:\/\/noticiaempauta.com\/portal\/wp-json\/wp\/v2\/categories?post=294255"},{"taxonomy":"post_tag","embeddable":true,"href":"https:\/\/noticiaempauta.com\/portal\/wp-json\/wp\/v2\/tags?post=294255"}],"curies":[{"name":"wp","href":"https:\/\/api.w.org\/{rel}","templated":true}]}}