{"id":294269,"date":"2026-09-04T09:55:14","date_gmt":"2026-09-04T12:55:14","guid":{"rendered":"https:\/\/noticiaempauta.com\/portal\/?p=294269"},"modified":"2026-09-04T09:55:16","modified_gmt":"2026-09-04T12:55:16","slug":"setembro-verde-piaui-reforca-conscientizacao-sobre-doacao-de-orgaos","status":"publish","type":"post","link":"https:\/\/noticiaempauta.com\/portal\/setembro-verde-piaui-reforca-conscientizacao-sobre-doacao-de-orgaos\/","title":{"rendered":"Setembro Verde: Piau\u00ed refor\u00e7a conscientiza\u00e7\u00e3o sobre doa\u00e7\u00e3o de \u00f3rg\u00e3os"},"content":{"rendered":"\n<p class=\"wp-block-paragraph\">O Piau\u00ed participa do Setembro Verde, campanha dedicada \u00e0 conscientiza\u00e7\u00e3o sobre a import\u00e2ncia da doa\u00e7\u00e3o de \u00f3rg\u00e3os e tecidos. A iniciativa busca ampliar o acesso \u00e0 informa\u00e7\u00e3o e estimular o di\u00e1logo entre familiares sobre a decis\u00e3o de ser doador.<\/p>\n\n\n\n<figure class=\"wp-block-image size-full\"><img fetchpriority=\"high\" decoding=\"async\" width=\"640\" height=\"480\" src=\"https:\/\/noticiaempauta.com\/portal\/wp-content\/uploads\/2026\/09\/FA-IMG-02ecfdb70da03298409a.webp\" alt=\"\" class=\"wp-image-294270\" srcset=\"https:\/\/noticiaempauta.com\/portal\/wp-content\/uploads\/2026\/09\/FA-IMG-02ecfdb70da03298409a.webp 640w, https:\/\/noticiaempauta.com\/portal\/wp-content\/uploads\/2026\/09\/FA-IMG-02ecfdb70da03298409a-300x225.webp 300w\" sizes=\"(max-width: 640px) 100vw, 640px\" \/><figcaption class=\"wp-element-caption\"><em>(Foto: Reprodu\u00e7\u00e3o)<\/em><\/figcaption><\/figure>\n\n\n\n<p class=\"wp-block-paragraph\">Dados da Central Estadual de Transplantes do Piau\u00ed apontam que, de janeiro a agosto de 2026, foram registradas 139 doa\u00e7\u00f5es ap\u00f3s parada cardiorrespirat\u00f3ria (PCR), enquanto que no mesmo per\u00edodo de 2025 foram 114. Neste ano, at\u00e9 agosto, tamb\u00e9m foram registradas 31 doa\u00e7\u00f5es de m\u00faltiplos \u00f3rg\u00e3os, modalidade que permite a capta\u00e7\u00e3o de diferentes \u00f3rg\u00e3os para transplantes.<\/p>\n\n\n\n<p class=\"wp-block-paragraph\">Os transplantes de c\u00f3rneas realizados nos primeiros oito meses de 2026 totalizaram 211 procedimentos, enquanto, no mesmo per\u00edodo de 2025, foram registrados 195.<\/p>\n\n\n\n<p class=\"wp-block-paragraph\">Entre janeiro e agosto deste ano, 24 f\u00edgados foram disponibilizados para pacientes de outros estados. Paralelamente, o Hospital Get\u00falio Vargas (HGV) aguarda a publica\u00e7\u00e3o da portaria de credenciamento para a realiza\u00e7\u00e3o de transplantes de f\u00edgado no Piau\u00ed. Segundo a Central Estadual de Transplantes, as vistorias necess\u00e1rias para o credenciamento j\u00e1 foram realizadas.<\/p>\n\n\n\n<p class=\"wp-block-paragraph\">A doa\u00e7\u00e3o de \u00f3rg\u00e3os depende da autoriza\u00e7\u00e3o familiar. Por isso, al\u00e9m de manifestar a inten\u00e7\u00e3o de ser doador, \u00e9 importante comunicar essa decis\u00e3o aos familiares.<\/p>\n\n\n\n<p class=\"wp-block-paragraph\">\u201cSe voc\u00ea deseja ser doador, converse com sua fam\u00edlia. Demonstre a sua vontade e compartilhe essa decis\u00e3o. Um di\u00e1logo pode representar a esperan\u00e7a e uma nova chance de vida para muitas pessoas\u201d, orienta a coordenadora da Central de Transplantes do Piau\u00ed, Lourdes Veras.<\/p>\n\n\n\n<p class=\"wp-block-paragraph\">O Setembro Verde refor\u00e7a a import\u00e2ncia da informa\u00e7\u00e3o e do di\u00e1logo para que as fam\u00edlias conhe\u00e7am a vontade de seus integrantes e possam tomar uma decis\u00e3o no momento adequado.<\/p>\n","protected":false},"excerpt":{"rendered":"<p>O Piau\u00ed participa do Setembro Verde, campanha dedicada \u00e0 conscientiza\u00e7\u00e3o sobre a import\u00e2ncia da doa\u00e7\u00e3o de \u00f3rg\u00e3os e tecidos. A iniciativa busca ampliar o acesso \u00e0 informa\u00e7\u00e3o e estimular o di\u00e1logo entre familiares sobre a decis\u00e3o de ser doador. Dados da Central Estadual de Transplantes do Piau\u00ed apontam que, de janeiro a agosto de 2026, [&hellip;]<\/p>\n","protected":false},"author":2,"featured_media":294270,"comment_status":"closed","ping_status":"closed","sticky":false,"template":"","format":"standard","meta":{"_mi_skip_tracking":false,"footnotes":""},"categories":[25,1,5,16],"tags":[],"class_list":["post-294269","post","type-post","status-publish","format-standard","has-post-thumbnail","hentry","category-destaques-site","category-geral","category-saude","category-todas"],"acf":[],"yoast_head":"<!-- This site is optimized with the Yoast SEO Premium plugin v19.2 (Yoast SEO v26.9) - https:\/\/yoast.com\/product\/yoast-seo-premium-wordpress\/ -->\n<title>Setembro Verde: Piau\u00ed refor\u00e7a conscientiza\u00e7\u00e3o sobre doa\u00e7\u00e3o de \u00f3rg\u00e3os - Portal Not\u00edcia em Pauta<\/title>\n<meta name=\"robots\" content=\"index, follow, max-snippet:-1, max-image-preview:large, max-video-preview:-1\" \/>\n<link rel=\"canonical\" href=\"https:\/\/noticiaempauta.com\/portal\/setembro-verde-piaui-reforca-conscientizacao-sobre-doacao-de-orgaos\/\" \/>\n<meta property=\"og:locale\" content=\"pt_BR\" \/>\n<meta property=\"og:type\" content=\"article\" \/>\n<meta property=\"og:title\" content=\"Setembro Verde: Piau\u00ed refor\u00e7a conscientiza\u00e7\u00e3o sobre doa\u00e7\u00e3o de \u00f3rg\u00e3os\" \/>\n<meta property=\"og:description\" content=\"O Piau\u00ed participa do Setembro Verde, campanha dedicada \u00e0 conscientiza\u00e7\u00e3o sobre a import\u00e2ncia da doa\u00e7\u00e3o de \u00f3rg\u00e3os e tecidos. A iniciativa busca ampliar o acesso \u00e0 informa\u00e7\u00e3o e estimular o di\u00e1logo entre familiares sobre a decis\u00e3o de ser doador. Dados da Central Estadual de Transplantes do Piau\u00ed apontam que, de janeiro a agosto de 2026, [&hellip;]\" \/>\n<meta property=\"og:url\" content=\"https:\/\/noticiaempauta.com\/portal\/setembro-verde-piaui-reforca-conscientizacao-sobre-doacao-de-orgaos\/\" \/>\n<meta property=\"og:site_name\" content=\"Portal Not\u00edcia em Pauta\" \/>\n<meta property=\"article:publisher\" content=\"https:\/\/www.facebook.com\/Portal-Notcia-Em-Pauta-102292869264820\/\" \/>\n<meta property=\"article:published_time\" content=\"2026-09-04T12:55:14+00:00\" \/>\n<meta property=\"article:modified_time\" content=\"2026-09-04T12:55:16+00:00\" \/>\n<meta property=\"og:image\" content=\"https:\/\/noticiaempauta.com\/portal\/wp-content\/uploads\/2026\/09\/FA-IMG-02ecfdb70da03298409a.webp\" \/>\n\t<meta property=\"og:image:width\" content=\"640\" \/>\n\t<meta property=\"og:image:height\" content=\"480\" \/>\n\t<meta property=\"og:image:type\" content=\"image\/webp\" \/>\n<meta name=\"author\" content=\"Reda\u00e7\u00e3o\" \/>\n<meta name=\"twitter:card\" content=\"summary_large_image\" \/>\n<meta name=\"twitter:label1\" content=\"Escrito por\" \/>\n\t<meta name=\"twitter:data1\" content=\"Reda\u00e7\u00e3o\" \/>\n\t<meta name=\"twitter:label2\" content=\"Est. tempo de leitura\" \/>\n\t<meta name=\"twitter:data2\" content=\"2 minutos\" \/>\n<script type=\"application\/ld+json\" class=\"yoast-schema-graph\">{\"@context\":\"https:\/\/schema.org\",\"@graph\":[{\"@type\":\"Article\",\"@id\":\"https:\/\/noticiaempauta.com\/portal\/setembro-verde-piaui-reforca-conscientizacao-sobre-doacao-de-orgaos\/#article\",\"isPartOf\":{\"@id\":\"https:\/\/noticiaempauta.com\/portal\/setembro-verde-piaui-reforca-conscientizacao-sobre-doacao-de-orgaos\/\"},\"author\":{\"name\":\"Reda\u00e7\u00e3o\",\"@id\":\"https:\/\/noticiaempauta.com\/portal\/#\/schema\/person\/a74af43dd1ab3deca45f988c717d57ac\"},\"headline\":\"Setembro Verde: Piau\u00ed refor\u00e7a conscientiza\u00e7\u00e3o sobre doa\u00e7\u00e3o de \u00f3rg\u00e3os\",\"datePublished\":\"2026-09-04T12:55:14+00:00\",\"dateModified\":\"2026-09-04T12:55:16+00:00\",\"mainEntityOfPage\":{\"@id\":\"https:\/\/noticiaempauta.com\/portal\/setembro-verde-piaui-reforca-conscientizacao-sobre-doacao-de-orgaos\/\"},\"wordCount\":311,\"publisher\":{\"@id\":\"https:\/\/noticiaempauta.com\/portal\/#organization\"},\"image\":{\"@id\":\"https:\/\/noticiaempauta.com\/portal\/setembro-verde-piaui-reforca-conscientizacao-sobre-doacao-de-orgaos\/#primaryimage\"},\"thumbnailUrl\":\"https:\/\/noticiaempauta.com\/portal\/wp-content\/uploads\/2026\/09\/FA-IMG-02ecfdb70da03298409a.webp\",\"articleSection\":[\"Destaques\",\"Geral\",\"Sa\u00fade\",\"Todas as Not\u00edcias\"],\"inLanguage\":\"pt-BR\"},{\"@type\":\"WebPage\",\"@id\":\"https:\/\/noticiaempauta.com\/portal\/setembro-verde-piaui-reforca-conscientizacao-sobre-doacao-de-orgaos\/\",\"url\":\"https:\/\/noticiaempauta.com\/portal\/setembro-verde-piaui-reforca-conscientizacao-sobre-doacao-de-orgaos\/\",\"name\":\"Setembro Verde: Piau\u00ed refor\u00e7a conscientiza\u00e7\u00e3o sobre doa\u00e7\u00e3o de \u00f3rg\u00e3os - Portal Not\u00edcia em Pauta\",\"isPartOf\":{\"@id\":\"https:\/\/noticiaempauta.com\/portal\/#website\"},\"primaryImageOfPage\":{\"@id\":\"https:\/\/noticiaempauta.com\/portal\/setembro-verde-piaui-reforca-conscientizacao-sobre-doacao-de-orgaos\/#primaryimage\"},\"image\":{\"@id\":\"https:\/\/noticiaempauta.com\/portal\/setembro-verde-piaui-reforca-conscientizacao-sobre-doacao-de-orgaos\/#primaryimage\"},\"thumbnailUrl\":\"https:\/\/noticiaempauta.com\/portal\/wp-content\/uploads\/2026\/09\/FA-IMG-02ecfdb70da03298409a.webp\",\"datePublished\":\"2026-09-04T12:55:14+00:00\",\"dateModified\":\"2026-09-04T12:55:16+00:00\",\"breadcrumb\":{\"@id\":\"https:\/\/noticiaempauta.com\/portal\/setembro-verde-piaui-reforca-conscientizacao-sobre-doacao-de-orgaos\/#breadcrumb\"},\"inLanguage\":\"pt-BR\",\"potentialAction\":[{\"@type\":\"ReadAction\",\"target\":[\"https:\/\/noticiaempauta.com\/portal\/setembro-verde-piaui-reforca-conscientizacao-sobre-doacao-de-orgaos\/\"]}]},{\"@type\":\"ImageObject\",\"inLanguage\":\"pt-BR\",\"@id\":\"https:\/\/noticiaempauta.com\/portal\/setembro-verde-piaui-reforca-conscientizacao-sobre-doacao-de-orgaos\/#primaryimage\",\"url\":\"https:\/\/noticiaempauta.com\/portal\/wp-content\/uploads\/2026\/09\/FA-IMG-02ecfdb70da03298409a.webp\",\"contentUrl\":\"https:\/\/noticiaempauta.com\/portal\/wp-content\/uploads\/2026\/09\/FA-IMG-02ecfdb70da03298409a.webp\",\"width\":640,\"height\":480},{\"@type\":\"BreadcrumbList\",\"@id\":\"https:\/\/noticiaempauta.com\/portal\/setembro-verde-piaui-reforca-conscientizacao-sobre-doacao-de-orgaos\/#breadcrumb\",\"itemListElement\":[{\"@type\":\"ListItem\",\"position\":1,\"name\":\"P\u00e1gina Inicial\",\"item\":\"https:\/\/noticiaempauta.com\/portal\/\"},{\"@type\":\"ListItem\",\"position\":2,\"name\":\"Destaques\",\"item\":\"https:\/\/noticiaempauta.com\/portal\/destaques-site\/\"},{\"@type\":\"ListItem\",\"position\":3,\"name\":\"Setembro Verde: Piau\u00ed refor\u00e7a conscientiza\u00e7\u00e3o sobre doa\u00e7\u00e3o de \u00f3rg\u00e3os\"}]},{\"@type\":\"WebSite\",\"@id\":\"https:\/\/noticiaempauta.com\/portal\/#website\",\"url\":\"https:\/\/noticiaempauta.com\/portal\/\",\"name\":\"Portal Not\u00edcia em Pauta\",\"description\":\"Voc\u00ea bem informado\",\"publisher\":{\"@id\":\"https:\/\/noticiaempauta.com\/portal\/#organization\"},\"potentialAction\":[{\"@type\":\"SearchAction\",\"target\":{\"@type\":\"EntryPoint\",\"urlTemplate\":\"https:\/\/noticiaempauta.com\/portal\/?s={search_term_string}\"},\"query-input\":{\"@type\":\"PropertyValueSpecification\",\"valueRequired\":true,\"valueName\":\"search_term_string\"}}],\"inLanguage\":\"pt-BR\"},{\"@type\":\"Organization\",\"@id\":\"https:\/\/noticiaempauta.com\/portal\/#organization\",\"name\":\"Portal Not\u00edcia em Pauta\",\"url\":\"https:\/\/noticiaempauta.com\/portal\/\",\"logo\":{\"@type\":\"ImageObject\",\"inLanguage\":\"pt-BR\",\"@id\":\"https:\/\/noticiaempauta.com\/portal\/#\/schema\/logo\/image\/\",\"url\":\"https:\/\/noticiaempauta.com\/portal\/wp-content\/uploads\/2022\/08\/logomarca_tema.fw_.png\",\"contentUrl\":\"https:\/\/noticiaempauta.com\/portal\/wp-content\/uploads\/2022\/08\/logomarca_tema.fw_.png\",\"width\":400,\"height\":232,\"caption\":\"Portal Not\u00edcia em Pauta\"},\"image\":{\"@id\":\"https:\/\/noticiaempauta.com\/portal\/#\/schema\/logo\/image\/\"},\"sameAs\":[\"https:\/\/www.facebook.com\/Portal-Notcia-Em-Pauta-102292869264820\/\",\"https:\/\/www.instagram.com\/portalnoticiaempauta\/\"]},{\"@type\":\"Person\",\"@id\":\"https:\/\/noticiaempauta.com\/portal\/#\/schema\/person\/a74af43dd1ab3deca45f988c717d57ac\",\"name\":\"Reda\u00e7\u00e3o\",\"image\":{\"@type\":\"ImageObject\",\"inLanguage\":\"pt-BR\",\"@id\":\"https:\/\/noticiaempauta.com\/portal\/#\/schema\/person\/image\/\",\"url\":\"https:\/\/secure.gravatar.com\/avatar\/03179346ecce6cdfc13361603e8f54242a90e5cde8618fa23c5c00aa2b0aadf3?s=96&d=mm&r=g\",\"contentUrl\":\"https:\/\/secure.gravatar.com\/avatar\/03179346ecce6cdfc13361603e8f54242a90e5cde8618fa23c5c00aa2b0aadf3?s=96&d=mm&r=g\",\"caption\":\"Reda\u00e7\u00e3o\"},\"sameAs\":[\"https:\/\/noticiaempauta.com\/portal\/\"],\"url\":\"https:\/\/noticiaempauta.com\/portal\/author\/fernando\/\"}]}<\/script>\n<!-- \/ Yoast SEO Premium plugin. -->","yoast_head_json":{"title":"Setembro Verde: Piau\u00ed refor\u00e7a conscientiza\u00e7\u00e3o sobre doa\u00e7\u00e3o de \u00f3rg\u00e3os - Portal Not\u00edcia em Pauta","robots":{"index":"index","follow":"follow","max-snippet":"max-snippet:-1","max-image-preview":"max-image-preview:large","max-video-preview":"max-video-preview:-1"},"canonical":"https:\/\/noticiaempauta.com\/portal\/setembro-verde-piaui-reforca-conscientizacao-sobre-doacao-de-orgaos\/","og_locale":"pt_BR","og_type":"article","og_title":"Setembro Verde: Piau\u00ed refor\u00e7a conscientiza\u00e7\u00e3o sobre doa\u00e7\u00e3o de \u00f3rg\u00e3os","og_description":"O Piau\u00ed participa do Setembro Verde, campanha dedicada \u00e0 conscientiza\u00e7\u00e3o sobre a import\u00e2ncia da doa\u00e7\u00e3o de \u00f3rg\u00e3os e tecidos. A iniciativa busca ampliar o acesso \u00e0 informa\u00e7\u00e3o e estimular o di\u00e1logo entre familiares sobre a decis\u00e3o de ser doador. Dados da Central Estadual de Transplantes do Piau\u00ed apontam que, de janeiro a agosto de 2026, [&hellip;]","og_url":"https:\/\/noticiaempauta.com\/portal\/setembro-verde-piaui-reforca-conscientizacao-sobre-doacao-de-orgaos\/","og_site_name":"Portal Not\u00edcia em Pauta","article_publisher":"https:\/\/www.facebook.com\/Portal-Notcia-Em-Pauta-102292869264820\/","article_published_time":"2026-09-04T12:55:14+00:00","article_modified_time":"2026-09-04T12:55:16+00:00","og_image":[{"width":640,"height":480,"url":"https:\/\/noticiaempauta.com\/portal\/wp-content\/uploads\/2026\/09\/FA-IMG-02ecfdb70da03298409a.webp","type":"image\/webp"}],"author":"Reda\u00e7\u00e3o","twitter_card":"summary_large_image","twitter_misc":{"Escrito por":"Reda\u00e7\u00e3o","Est. tempo de leitura":"2 minutos"},"schema":{"@context":"https:\/\/schema.org","@graph":[{"@type":"Article","@id":"https:\/\/noticiaempauta.com\/portal\/setembro-verde-piaui-reforca-conscientizacao-sobre-doacao-de-orgaos\/#article","isPartOf":{"@id":"https:\/\/noticiaempauta.com\/portal\/setembro-verde-piaui-reforca-conscientizacao-sobre-doacao-de-orgaos\/"},"author":{"name":"Reda\u00e7\u00e3o","@id":"https:\/\/noticiaempauta.com\/portal\/#\/schema\/person\/a74af43dd1ab3deca45f988c717d57ac"},"headline":"Setembro Verde: Piau\u00ed refor\u00e7a conscientiza\u00e7\u00e3o sobre doa\u00e7\u00e3o de \u00f3rg\u00e3os","datePublished":"2026-09-04T12:55:14+00:00","dateModified":"2026-09-04T12:55:16+00:00","mainEntityOfPage":{"@id":"https:\/\/noticiaempauta.com\/portal\/setembro-verde-piaui-reforca-conscientizacao-sobre-doacao-de-orgaos\/"},"wordCount":311,"publisher":{"@id":"https:\/\/noticiaempauta.com\/portal\/#organization"},"image":{"@id":"https:\/\/noticiaempauta.com\/portal\/setembro-verde-piaui-reforca-conscientizacao-sobre-doacao-de-orgaos\/#primaryimage"},"thumbnailUrl":"https:\/\/noticiaempauta.com\/portal\/wp-content\/uploads\/2026\/09\/FA-IMG-02ecfdb70da03298409a.webp","articleSection":["Destaques","Geral","Sa\u00fade","Todas as Not\u00edcias"],"inLanguage":"pt-BR"},{"@type":"WebPage","@id":"https:\/\/noticiaempauta.com\/portal\/setembro-verde-piaui-reforca-conscientizacao-sobre-doacao-de-orgaos\/","url":"https:\/\/noticiaempauta.com\/portal\/setembro-verde-piaui-reforca-conscientizacao-sobre-doacao-de-orgaos\/","name":"Setembro Verde: Piau\u00ed refor\u00e7a conscientiza\u00e7\u00e3o sobre doa\u00e7\u00e3o de \u00f3rg\u00e3os - Portal Not\u00edcia em Pauta","isPartOf":{"@id":"https:\/\/noticiaempauta.com\/portal\/#website"},"primaryImageOfPage":{"@id":"https:\/\/noticiaempauta.com\/portal\/setembro-verde-piaui-reforca-conscientizacao-sobre-doacao-de-orgaos\/#primaryimage"},"image":{"@id":"https:\/\/noticiaempauta.com\/portal\/setembro-verde-piaui-reforca-conscientizacao-sobre-doacao-de-orgaos\/#primaryimage"},"thumbnailUrl":"https:\/\/noticiaempauta.com\/portal\/wp-content\/uploads\/2026\/09\/FA-IMG-02ecfdb70da03298409a.webp","datePublished":"2026-09-04T12:55:14+00:00","dateModified":"2026-09-04T12:55:16+00:00","breadcrumb":{"@id":"https:\/\/noticiaempauta.com\/portal\/setembro-verde-piaui-reforca-conscientizacao-sobre-doacao-de-orgaos\/#breadcrumb"},"inLanguage":"pt-BR","potentialAction":[{"@type":"ReadAction","target":["https:\/\/noticiaempauta.com\/portal\/setembro-verde-piaui-reforca-conscientizacao-sobre-doacao-de-orgaos\/"]}]},{"@type":"ImageObject","inLanguage":"pt-BR","@id":"https:\/\/noticiaempauta.com\/portal\/setembro-verde-piaui-reforca-conscientizacao-sobre-doacao-de-orgaos\/#primaryimage","url":"https:\/\/noticiaempauta.com\/portal\/wp-content\/uploads\/2026\/09\/FA-IMG-02ecfdb70da03298409a.webp","contentUrl":"https:\/\/noticiaempauta.com\/portal\/wp-content\/uploads\/2026\/09\/FA-IMG-02ecfdb70da03298409a.webp","width":640,"height":480},{"@type":"BreadcrumbList","@id":"https:\/\/noticiaempauta.com\/portal\/setembro-verde-piaui-reforca-conscientizacao-sobre-doacao-de-orgaos\/#breadcrumb","itemListElement":[{"@type":"ListItem","position":1,"name":"P\u00e1gina Inicial","item":"https:\/\/noticiaempauta.com\/portal\/"},{"@type":"ListItem","position":2,"name":"Destaques","item":"https:\/\/noticiaempauta.com\/portal\/destaques-site\/"},{"@type":"ListItem","position":3,"name":"Setembro Verde: Piau\u00ed refor\u00e7a conscientiza\u00e7\u00e3o sobre doa\u00e7\u00e3o de \u00f3rg\u00e3os"}]},{"@type":"WebSite","@id":"https:\/\/noticiaempauta.com\/portal\/#website","url":"https:\/\/noticiaempauta.com\/portal\/","name":"Portal Not\u00edcia em Pauta","description":"Voc\u00ea bem informado","publisher":{"@id":"https:\/\/noticiaempauta.com\/portal\/#organization"},"potentialAction":[{"@type":"SearchAction","target":{"@type":"EntryPoint","urlTemplate":"https:\/\/noticiaempauta.com\/portal\/?s={search_term_string}"},"query-input":{"@type":"PropertyValueSpecification","valueRequired":true,"valueName":"search_term_string"}}],"inLanguage":"pt-BR"},{"@type":"Organization","@id":"https:\/\/noticiaempauta.com\/portal\/#organization","name":"Portal Not\u00edcia em Pauta","url":"https:\/\/noticiaempauta.com\/portal\/","logo":{"@type":"ImageObject","inLanguage":"pt-BR","@id":"https:\/\/noticiaempauta.com\/portal\/#\/schema\/logo\/image\/","url":"https:\/\/noticiaempauta.com\/portal\/wp-content\/uploads\/2022\/08\/logomarca_tema.fw_.png","contentUrl":"https:\/\/noticiaempauta.com\/portal\/wp-content\/uploads\/2022\/08\/logomarca_tema.fw_.png","width":400,"height":232,"caption":"Portal Not\u00edcia em Pauta"},"image":{"@id":"https:\/\/noticiaempauta.com\/portal\/#\/schema\/logo\/image\/"},"sameAs":["https:\/\/www.facebook.com\/Portal-Notcia-Em-Pauta-102292869264820\/","https:\/\/www.instagram.com\/portalnoticiaempauta\/"]},{"@type":"Person","@id":"https:\/\/noticiaempauta.com\/portal\/#\/schema\/person\/a74af43dd1ab3deca45f988c717d57ac","name":"Reda\u00e7\u00e3o","image":{"@type":"ImageObject","inLanguage":"pt-BR","@id":"https:\/\/noticiaempauta.com\/portal\/#\/schema\/person\/image\/","url":"https:\/\/secure.gravatar.com\/avatar\/03179346ecce6cdfc13361603e8f54242a90e5cde8618fa23c5c00aa2b0aadf3?s=96&d=mm&r=g","contentUrl":"https:\/\/secure.gravatar.com\/avatar\/03179346ecce6cdfc13361603e8f54242a90e5cde8618fa23c5c00aa2b0aadf3?s=96&d=mm&r=g","caption":"Reda\u00e7\u00e3o"},"sameAs":["https:\/\/noticiaempauta.com\/portal\/"],"url":"https:\/\/noticiaempauta.com\/portal\/author\/fernando\/"}]}},"_links":{"self":[{"href":"https:\/\/noticiaempauta.com\/portal\/wp-json\/wp\/v2\/posts\/294269","targetHints":{"allow":["GET"]}}],"collection":[{"href":"https:\/\/noticiaempauta.com\/portal\/wp-json\/wp\/v2\/posts"}],"about":[{"href":"https:\/\/noticiaempauta.com\/portal\/wp-json\/wp\/v2\/types\/post"}],"author":[{"embeddable":true,"href":"https:\/\/noticiaempauta.com\/portal\/wp-json\/wp\/v2\/users\/2"}],"replies":[{"embeddable":true,"href":"https:\/\/noticiaempauta.com\/portal\/wp-json\/wp\/v2\/comments?post=294269"}],"version-history":[{"count":2,"href":"https:\/\/noticiaempauta.com\/portal\/wp-json\/wp\/v2\/posts\/294269\/revisions"}],"predecessor-version":[{"id":294272,"href":"https:\/\/noticiaempauta.com\/portal\/wp-json\/wp\/v2\/posts\/294269\/revisions\/294272"}],"wp:featuredmedia":[{"embeddable":true,"href":"https:\/\/noticiaempauta.com\/portal\/wp-json\/wp\/v2\/media\/294270"}],"wp:attachment":[{"href":"https:\/\/noticiaempauta.com\/portal\/wp-json\/wp\/v2\/media?parent=294269"}],"wp:term":[{"taxonomy":"category","embeddable":true,"href":"https:\/\/noticiaempauta.com\/portal\/wp-json\/wp\/v2\/categories?post=294269"},{"taxonomy":"post_tag","embeddable":true,"href":"https:\/\/noticiaempauta.com\/portal\/wp-json\/wp\/v2\/tags?post=294269"}],"curies":[{"name":"wp","href":"https:\/\/api.w.org\/{rel}","templated":true}]}}