{"id":294286,"date":"2026-09-04T10:50:01","date_gmt":"2026-09-04T13:50:01","guid":{"rendered":"https:\/\/noticiaempauta.com\/portal\/?p=294286"},"modified":"2026-09-04T10:50:04","modified_gmt":"2026-09-04T13:50:04","slug":"picos-participa-de-4o-ciclo-de-formacao-presencial-do-selo-unicef-sobre-equidade-etnico-racial","status":"publish","type":"post","link":"https:\/\/noticiaempauta.com\/portal\/picos-participa-de-4o-ciclo-de-formacao-presencial-do-selo-unicef-sobre-equidade-etnico-racial\/","title":{"rendered":"Picos participa de 4\u00ba ciclo de forma\u00e7\u00e3o presencial do Selo UNICEF sobre equidade \u00e9tnico-racial"},"content":{"rendered":"\n<p class=\"wp-block-paragraph\">O munic\u00edpio de Picos participa, nesta quinta-feira (3), em Floriano, do 4\u00ba Ciclo de Forma\u00e7\u00e3o Presencial do Selo UNICEF, que tem como tema \u201cEquidade \u00c9tnico-Racial nas Pol\u00edticas P\u00fablicas Municipais\u201d. A atividade re\u00fane representantes dos munic\u00edpios para fortalecer conhecimentos, promover reflex\u00f5es e discutir estrat\u00e9gias voltadas \u00e0 constru\u00e7\u00e3o de pol\u00edticas p\u00fablicas mais inclusivas e \u00e0 garantia dos direitos de crian\u00e7as e adolescentes.<\/p>\n\n\n\n<figure class=\"wp-block-image size-full\"><img fetchpriority=\"high\" decoding=\"async\" width=\"800\" height=\"600\" src=\"https:\/\/noticiaempauta.com\/portal\/wp-content\/uploads\/2026\/09\/639ef147-c1f6-402a-b011-1a432353a0e1.webp\" alt=\"\" class=\"wp-image-294287\" srcset=\"https:\/\/noticiaempauta.com\/portal\/wp-content\/uploads\/2026\/09\/639ef147-c1f6-402a-b011-1a432353a0e1.webp 800w, https:\/\/noticiaempauta.com\/portal\/wp-content\/uploads\/2026\/09\/639ef147-c1f6-402a-b011-1a432353a0e1-300x225.webp 300w, https:\/\/noticiaempauta.com\/portal\/wp-content\/uploads\/2026\/09\/639ef147-c1f6-402a-b011-1a432353a0e1-768x576.webp 768w\" sizes=\"(max-width: 800px) 100vw, 800px\" \/><\/figure>\n\n\n\n<p class=\"wp-block-paragraph\">Representando Picos, participam da forma\u00e7\u00e3o a articuladora municipal do Selo UNICEF, K\u00e1tia R\u00fabia de Moura R\u00eago, e a mobilizadora do Resultado Sist\u00eamico 6 \u2013 Equidade \u00c9tnico-Racial, Telma Maia.<\/p>\n\n\n\n<p class=\"wp-block-paragraph\">Durante o encontro, s\u00e3o abordadas as desigualdades \u00e9tnico-raciais e a import\u00e2ncia de incorporar a perspectiva da equidade \u00e0s a\u00e7\u00f5es, programas e pol\u00edticas p\u00fablicas municipais, fortalecendo tamb\u00e9m a articula\u00e7\u00e3o entre diferentes setores para o enfrentamento do racismo e das desigualdades que afetam crian\u00e7as e adolescentes.<\/p>\n\n\n\n<p class=\"wp-block-paragraph\">Para a articuladora municipal do Selo UNICEF, a forma\u00e7\u00e3o contribui para o fortalecimento das a\u00e7\u00f5es desenvolvidas em Picos.<\/p>\n\n\n\n<figure class=\"wp-block-image size-full\"><img decoding=\"async\" width=\"800\" height=\"602\" src=\"https:\/\/noticiaempauta.com\/portal\/wp-content\/uploads\/2026\/09\/8ddd2db3-5943-4ca6-af1b-f62d087b74e1.webp\" alt=\"\" class=\"wp-image-294288\" srcset=\"https:\/\/noticiaempauta.com\/portal\/wp-content\/uploads\/2026\/09\/8ddd2db3-5943-4ca6-af1b-f62d087b74e1.webp 800w, https:\/\/noticiaempauta.com\/portal\/wp-content\/uploads\/2026\/09\/8ddd2db3-5943-4ca6-af1b-f62d087b74e1-300x226.webp 300w, https:\/\/noticiaempauta.com\/portal\/wp-content\/uploads\/2026\/09\/8ddd2db3-5943-4ca6-af1b-f62d087b74e1-767x577.webp 767w\" sizes=\"(max-width: 800px) 100vw, 800px\" \/><\/figure>\n\n\n\n<p class=\"wp-block-paragraph\">\u201cEstamos participando de mais um importante momento de forma\u00e7\u00e3o do Selo UNICEF, que nos permite ampliar nossos conhecimentos e fortalecer o trabalho que vem sendo desenvolvido em Picos. Discutir equidade \u00e9tnico-racial \u00e9 fundamental para construirmos pol\u00edticas p\u00fablicas que atendam a todos de forma justa e garantam os direitos de nossas crian\u00e7as e adolescentes.\u201d<\/p>\n\n\n\n<p class=\"wp-block-paragraph\">A mobilizadora do Resultado Sist\u00eamico 6 tamb\u00e9m destaca a import\u00e2ncia do momento para a constru\u00e7\u00e3o de estrat\u00e9gias que possam ser aplicadas no munic\u00edpio.<\/p>\n\n\n\n<figure class=\"wp-block-image size-full\"><img decoding=\"async\" width=\"800\" height=\"602\" src=\"https:\/\/noticiaempauta.com\/portal\/wp-content\/uploads\/2026\/09\/fb24eb68-4e7a-4ae8-be29-dab36d987f28.webp\" alt=\"\" class=\"wp-image-294289\" srcset=\"https:\/\/noticiaempauta.com\/portal\/wp-content\/uploads\/2026\/09\/fb24eb68-4e7a-4ae8-be29-dab36d987f28.webp 800w, https:\/\/noticiaempauta.com\/portal\/wp-content\/uploads\/2026\/09\/fb24eb68-4e7a-4ae8-be29-dab36d987f28-300x226.webp 300w, https:\/\/noticiaempauta.com\/portal\/wp-content\/uploads\/2026\/09\/fb24eb68-4e7a-4ae8-be29-dab36d987f28-767x577.webp 767w\" sizes=\"(max-width: 800px) 100vw, 800px\" \/><\/figure>\n\n\n\n<p class=\"wp-block-paragraph\">\u201cEste momento \u00e9 muito importante para refletirmos sobre as desigualdades \u00e9tnico-raciais e buscarmos estrat\u00e9gias que possam ser aplicadas em nosso munic\u00edpio. Nosso compromisso \u00e9 contribuir para que a equidade esteja cada vez mais presente nas pol\u00edticas p\u00fablicas e para que nenhuma crian\u00e7a ou adolescente tenha seus direitos limitados por causa da sua ra\u00e7a ou etnia.\u201d<\/p>\n\n\n\n<figure class=\"wp-block-image size-full\"><img loading=\"lazy\" decoding=\"async\" width=\"800\" height=\"602\" src=\"https:\/\/noticiaempauta.com\/portal\/wp-content\/uploads\/2026\/09\/91be78b5-772c-4ec9-9005-83762981ceca.webp\" alt=\"\" class=\"wp-image-294290\" srcset=\"https:\/\/noticiaempauta.com\/portal\/wp-content\/uploads\/2026\/09\/91be78b5-772c-4ec9-9005-83762981ceca.webp 800w, https:\/\/noticiaempauta.com\/portal\/wp-content\/uploads\/2026\/09\/91be78b5-772c-4ec9-9005-83762981ceca-300x226.webp 300w, https:\/\/noticiaempauta.com\/portal\/wp-content\/uploads\/2026\/09\/91be78b5-772c-4ec9-9005-83762981ceca-767x577.webp 767w\" sizes=\"(max-width: 800px) 100vw, 800px\" \/><\/figure>\n\n\n\n<p class=\"wp-block-paragraph\">A participa\u00e7\u00e3o de Picos no ciclo de forma\u00e7\u00e3o refor\u00e7a o compromisso do munic\u00edpio com a promo\u00e7\u00e3o da equidade, da inclus\u00e3o e da garantia dos direitos de crian\u00e7as e adolescentes, em alinhamento \u00e0s a\u00e7\u00f5es e objetivos do Selo UNICEF.<\/p>\n\n\n\n<figure class=\"wp-block-image size-full\"><img loading=\"lazy\" decoding=\"async\" width=\"800\" height=\"602\" src=\"https:\/\/noticiaempauta.com\/portal\/wp-content\/uploads\/2026\/09\/b4bbbb54-0127-45ae-9551-95820d715b2e-1536x1156-1.webp\" alt=\"\" class=\"wp-image-294291\" srcset=\"https:\/\/noticiaempauta.com\/portal\/wp-content\/uploads\/2026\/09\/b4bbbb54-0127-45ae-9551-95820d715b2e-1536x1156-1.webp 800w, https:\/\/noticiaempauta.com\/portal\/wp-content\/uploads\/2026\/09\/b4bbbb54-0127-45ae-9551-95820d715b2e-1536x1156-1-300x226.webp 300w, https:\/\/noticiaempauta.com\/portal\/wp-content\/uploads\/2026\/09\/b4bbbb54-0127-45ae-9551-95820d715b2e-1536x1156-1-767x577.webp 767w\" sizes=\"(max-width: 800px) 100vw, 800px\" \/><\/figure>\n\n\n\n<figure class=\"wp-block-image size-full\"><img loading=\"lazy\" decoding=\"async\" width=\"800\" height=\"602\" src=\"https:\/\/noticiaempauta.com\/portal\/wp-content\/uploads\/2026\/09\/2cd87ce9-f870-402b-a31e-48a0280035c3-1536x1156-1.webp\" alt=\"\" class=\"wp-image-294292\" srcset=\"https:\/\/noticiaempauta.com\/portal\/wp-content\/uploads\/2026\/09\/2cd87ce9-f870-402b-a31e-48a0280035c3-1536x1156-1.webp 800w, https:\/\/noticiaempauta.com\/portal\/wp-content\/uploads\/2026\/09\/2cd87ce9-f870-402b-a31e-48a0280035c3-1536x1156-1-300x226.webp 300w, https:\/\/noticiaempauta.com\/portal\/wp-content\/uploads\/2026\/09\/2cd87ce9-f870-402b-a31e-48a0280035c3-1536x1156-1-767x577.webp 767w\" sizes=\"(max-width: 800px) 100vw, 800px\" \/><\/figure>\n","protected":false},"excerpt":{"rendered":"<p>O munic\u00edpio de Picos participa, nesta quinta-feira (3), em Floriano, do 4\u00ba Ciclo de Forma\u00e7\u00e3o Presencial do Selo UNICEF, que tem como tema \u201cEquidade \u00c9tnico-Racial nas Pol\u00edticas P\u00fablicas Municipais\u201d. A atividade re\u00fane representantes dos munic\u00edpios para fortalecer conhecimentos, promover reflex\u00f5es e discutir estrat\u00e9gias voltadas \u00e0 constru\u00e7\u00e3o de pol\u00edticas p\u00fablicas mais inclusivas e \u00e0 garantia dos [&hellip;]<\/p>\n","protected":false},"author":2,"featured_media":294287,"comment_status":"closed","ping_status":"closed","sticky":false,"template":"","format":"standard","meta":{"_mi_skip_tracking":false,"footnotes":""},"categories":[25,1,16],"tags":[],"class_list":["post-294286","post","type-post","status-publish","format-standard","has-post-thumbnail","hentry","category-destaques-site","category-geral","category-todas"],"acf":[],"yoast_head":"<!-- This site is optimized with the Yoast SEO Premium plugin v19.2 (Yoast SEO v26.9) - https:\/\/yoast.com\/product\/yoast-seo-premium-wordpress\/ -->\n<title>Picos participa de 4\u00ba ciclo de forma\u00e7\u00e3o presencial do Selo UNICEF sobre equidade \u00e9tnico-racial - Portal Not\u00edcia em Pauta<\/title>\n<meta name=\"robots\" content=\"index, follow, max-snippet:-1, max-image-preview:large, max-video-preview:-1\" \/>\n<link rel=\"canonical\" href=\"https:\/\/noticiaempauta.com\/portal\/picos-participa-de-4o-ciclo-de-formacao-presencial-do-selo-unicef-sobre-equidade-etnico-racial\/\" \/>\n<meta property=\"og:locale\" content=\"pt_BR\" \/>\n<meta property=\"og:type\" content=\"article\" \/>\n<meta property=\"og:title\" content=\"Picos participa de 4\u00ba ciclo de forma\u00e7\u00e3o presencial do Selo UNICEF sobre equidade \u00e9tnico-racial\" \/>\n<meta property=\"og:description\" content=\"O munic\u00edpio de Picos participa, nesta quinta-feira (3), em Floriano, do 4\u00ba Ciclo de Forma\u00e7\u00e3o Presencial do Selo UNICEF, que tem como tema \u201cEquidade \u00c9tnico-Racial nas Pol\u00edticas P\u00fablicas Municipais\u201d. A atividade re\u00fane representantes dos munic\u00edpios para fortalecer conhecimentos, promover reflex\u00f5es e discutir estrat\u00e9gias voltadas \u00e0 constru\u00e7\u00e3o de pol\u00edticas p\u00fablicas mais inclusivas e \u00e0 garantia dos [&hellip;]\" \/>\n<meta property=\"og:url\" content=\"https:\/\/noticiaempauta.com\/portal\/picos-participa-de-4o-ciclo-de-formacao-presencial-do-selo-unicef-sobre-equidade-etnico-racial\/\" \/>\n<meta property=\"og:site_name\" content=\"Portal Not\u00edcia em Pauta\" \/>\n<meta property=\"article:publisher\" content=\"https:\/\/www.facebook.com\/Portal-Notcia-Em-Pauta-102292869264820\/\" \/>\n<meta property=\"article:published_time\" content=\"2026-09-04T13:50:01+00:00\" \/>\n<meta property=\"article:modified_time\" content=\"2026-09-04T13:50:04+00:00\" \/>\n<meta property=\"og:image\" content=\"https:\/\/noticiaempauta.com\/portal\/wp-content\/uploads\/2026\/09\/639ef147-c1f6-402a-b011-1a432353a0e1.webp\" \/>\n\t<meta property=\"og:image:width\" content=\"800\" \/>\n\t<meta property=\"og:image:height\" content=\"600\" \/>\n\t<meta property=\"og:image:type\" content=\"image\/webp\" \/>\n<meta name=\"author\" content=\"Reda\u00e7\u00e3o\" \/>\n<meta name=\"twitter:card\" content=\"summary_large_image\" \/>\n<meta name=\"twitter:label1\" content=\"Escrito por\" \/>\n\t<meta name=\"twitter:data1\" content=\"Reda\u00e7\u00e3o\" \/>\n\t<meta name=\"twitter:label2\" content=\"Est. tempo de leitura\" \/>\n\t<meta name=\"twitter:data2\" content=\"4 minutos\" \/>\n<script type=\"application\/ld+json\" class=\"yoast-schema-graph\">{\"@context\":\"https:\/\/schema.org\",\"@graph\":[{\"@type\":\"Article\",\"@id\":\"https:\/\/noticiaempauta.com\/portal\/picos-participa-de-4o-ciclo-de-formacao-presencial-do-selo-unicef-sobre-equidade-etnico-racial\/#article\",\"isPartOf\":{\"@id\":\"https:\/\/noticiaempauta.com\/portal\/picos-participa-de-4o-ciclo-de-formacao-presencial-do-selo-unicef-sobre-equidade-etnico-racial\/\"},\"author\":{\"name\":\"Reda\u00e7\u00e3o\",\"@id\":\"https:\/\/noticiaempauta.com\/portal\/#\/schema\/person\/a74af43dd1ab3deca45f988c717d57ac\"},\"headline\":\"Picos participa de 4\u00ba ciclo de forma\u00e7\u00e3o presencial do Selo UNICEF sobre equidade \u00e9tnico-racial\",\"datePublished\":\"2026-09-04T13:50:01+00:00\",\"dateModified\":\"2026-09-04T13:50:04+00:00\",\"mainEntityOfPage\":{\"@id\":\"https:\/\/noticiaempauta.com\/portal\/picos-participa-de-4o-ciclo-de-formacao-presencial-do-selo-unicef-sobre-equidade-etnico-racial\/\"},\"wordCount\":374,\"publisher\":{\"@id\":\"https:\/\/noticiaempauta.com\/portal\/#organization\"},\"image\":{\"@id\":\"https:\/\/noticiaempauta.com\/portal\/picos-participa-de-4o-ciclo-de-formacao-presencial-do-selo-unicef-sobre-equidade-etnico-racial\/#primaryimage\"},\"thumbnailUrl\":\"https:\/\/noticiaempauta.com\/portal\/wp-content\/uploads\/2026\/09\/639ef147-c1f6-402a-b011-1a432353a0e1.webp\",\"articleSection\":[\"Destaques\",\"Geral\",\"Todas as Not\u00edcias\"],\"inLanguage\":\"pt-BR\"},{\"@type\":\"WebPage\",\"@id\":\"https:\/\/noticiaempauta.com\/portal\/picos-participa-de-4o-ciclo-de-formacao-presencial-do-selo-unicef-sobre-equidade-etnico-racial\/\",\"url\":\"https:\/\/noticiaempauta.com\/portal\/picos-participa-de-4o-ciclo-de-formacao-presencial-do-selo-unicef-sobre-equidade-etnico-racial\/\",\"name\":\"Picos participa de 4\u00ba ciclo de forma\u00e7\u00e3o presencial do Selo UNICEF sobre equidade \u00e9tnico-racial - Portal Not\u00edcia em Pauta\",\"isPartOf\":{\"@id\":\"https:\/\/noticiaempauta.com\/portal\/#website\"},\"primaryImageOfPage\":{\"@id\":\"https:\/\/noticiaempauta.com\/portal\/picos-participa-de-4o-ciclo-de-formacao-presencial-do-selo-unicef-sobre-equidade-etnico-racial\/#primaryimage\"},\"image\":{\"@id\":\"https:\/\/noticiaempauta.com\/portal\/picos-participa-de-4o-ciclo-de-formacao-presencial-do-selo-unicef-sobre-equidade-etnico-racial\/#primaryimage\"},\"thumbnailUrl\":\"https:\/\/noticiaempauta.com\/portal\/wp-content\/uploads\/2026\/09\/639ef147-c1f6-402a-b011-1a432353a0e1.webp\",\"datePublished\":\"2026-09-04T13:50:01+00:00\",\"dateModified\":\"2026-09-04T13:50:04+00:00\",\"breadcrumb\":{\"@id\":\"https:\/\/noticiaempauta.com\/portal\/picos-participa-de-4o-ciclo-de-formacao-presencial-do-selo-unicef-sobre-equidade-etnico-racial\/#breadcrumb\"},\"inLanguage\":\"pt-BR\",\"potentialAction\":[{\"@type\":\"ReadAction\",\"target\":[\"https:\/\/noticiaempauta.com\/portal\/picos-participa-de-4o-ciclo-de-formacao-presencial-do-selo-unicef-sobre-equidade-etnico-racial\/\"]}]},{\"@type\":\"ImageObject\",\"inLanguage\":\"pt-BR\",\"@id\":\"https:\/\/noticiaempauta.com\/portal\/picos-participa-de-4o-ciclo-de-formacao-presencial-do-selo-unicef-sobre-equidade-etnico-racial\/#primaryimage\",\"url\":\"https:\/\/noticiaempauta.com\/portal\/wp-content\/uploads\/2026\/09\/639ef147-c1f6-402a-b011-1a432353a0e1.webp\",\"contentUrl\":\"https:\/\/noticiaempauta.com\/portal\/wp-content\/uploads\/2026\/09\/639ef147-c1f6-402a-b011-1a432353a0e1.webp\",\"width\":800,\"height\":600},{\"@type\":\"BreadcrumbList\",\"@id\":\"https:\/\/noticiaempauta.com\/portal\/picos-participa-de-4o-ciclo-de-formacao-presencial-do-selo-unicef-sobre-equidade-etnico-racial\/#breadcrumb\",\"itemListElement\":[{\"@type\":\"ListItem\",\"position\":1,\"name\":\"P\u00e1gina Inicial\",\"item\":\"https:\/\/noticiaempauta.com\/portal\/\"},{\"@type\":\"ListItem\",\"position\":2,\"name\":\"Destaques\",\"item\":\"https:\/\/noticiaempauta.com\/portal\/destaques-site\/\"},{\"@type\":\"ListItem\",\"position\":3,\"name\":\"Picos participa de 4\u00ba ciclo de forma\u00e7\u00e3o presencial do Selo UNICEF sobre equidade \u00e9tnico-racial\"}]},{\"@type\":\"WebSite\",\"@id\":\"https:\/\/noticiaempauta.com\/portal\/#website\",\"url\":\"https:\/\/noticiaempauta.com\/portal\/\",\"name\":\"Portal Not\u00edcia em Pauta\",\"description\":\"Voc\u00ea bem informado\",\"publisher\":{\"@id\":\"https:\/\/noticiaempauta.com\/portal\/#organization\"},\"potentialAction\":[{\"@type\":\"SearchAction\",\"target\":{\"@type\":\"EntryPoint\",\"urlTemplate\":\"https:\/\/noticiaempauta.com\/portal\/?s={search_term_string}\"},\"query-input\":{\"@type\":\"PropertyValueSpecification\",\"valueRequired\":true,\"valueName\":\"search_term_string\"}}],\"inLanguage\":\"pt-BR\"},{\"@type\":\"Organization\",\"@id\":\"https:\/\/noticiaempauta.com\/portal\/#organization\",\"name\":\"Portal Not\u00edcia em Pauta\",\"url\":\"https:\/\/noticiaempauta.com\/portal\/\",\"logo\":{\"@type\":\"ImageObject\",\"inLanguage\":\"pt-BR\",\"@id\":\"https:\/\/noticiaempauta.com\/portal\/#\/schema\/logo\/image\/\",\"url\":\"https:\/\/noticiaempauta.com\/portal\/wp-content\/uploads\/2022\/08\/logomarca_tema.fw_.png\",\"contentUrl\":\"https:\/\/noticiaempauta.com\/portal\/wp-content\/uploads\/2022\/08\/logomarca_tema.fw_.png\",\"width\":400,\"height\":232,\"caption\":\"Portal Not\u00edcia em Pauta\"},\"image\":{\"@id\":\"https:\/\/noticiaempauta.com\/portal\/#\/schema\/logo\/image\/\"},\"sameAs\":[\"https:\/\/www.facebook.com\/Portal-Notcia-Em-Pauta-102292869264820\/\",\"https:\/\/www.instagram.com\/portalnoticiaempauta\/\"]},{\"@type\":\"Person\",\"@id\":\"https:\/\/noticiaempauta.com\/portal\/#\/schema\/person\/a74af43dd1ab3deca45f988c717d57ac\",\"name\":\"Reda\u00e7\u00e3o\",\"image\":{\"@type\":\"ImageObject\",\"inLanguage\":\"pt-BR\",\"@id\":\"https:\/\/noticiaempauta.com\/portal\/#\/schema\/person\/image\/\",\"url\":\"https:\/\/secure.gravatar.com\/avatar\/03179346ecce6cdfc13361603e8f54242a90e5cde8618fa23c5c00aa2b0aadf3?s=96&d=mm&r=g\",\"contentUrl\":\"https:\/\/secure.gravatar.com\/avatar\/03179346ecce6cdfc13361603e8f54242a90e5cde8618fa23c5c00aa2b0aadf3?s=96&d=mm&r=g\",\"caption\":\"Reda\u00e7\u00e3o\"},\"sameAs\":[\"https:\/\/noticiaempauta.com\/portal\/\"],\"url\":\"https:\/\/noticiaempauta.com\/portal\/author\/fernando\/\"}]}<\/script>\n<!-- \/ Yoast SEO Premium plugin. -->","yoast_head_json":{"title":"Picos participa de 4\u00ba ciclo de forma\u00e7\u00e3o presencial do Selo UNICEF sobre equidade \u00e9tnico-racial - Portal Not\u00edcia em Pauta","robots":{"index":"index","follow":"follow","max-snippet":"max-snippet:-1","max-image-preview":"max-image-preview:large","max-video-preview":"max-video-preview:-1"},"canonical":"https:\/\/noticiaempauta.com\/portal\/picos-participa-de-4o-ciclo-de-formacao-presencial-do-selo-unicef-sobre-equidade-etnico-racial\/","og_locale":"pt_BR","og_type":"article","og_title":"Picos participa de 4\u00ba ciclo de forma\u00e7\u00e3o presencial do Selo UNICEF sobre equidade \u00e9tnico-racial","og_description":"O munic\u00edpio de Picos participa, nesta quinta-feira (3), em Floriano, do 4\u00ba Ciclo de Forma\u00e7\u00e3o Presencial do Selo UNICEF, que tem como tema \u201cEquidade \u00c9tnico-Racial nas Pol\u00edticas P\u00fablicas Municipais\u201d. A atividade re\u00fane representantes dos munic\u00edpios para fortalecer conhecimentos, promover reflex\u00f5es e discutir estrat\u00e9gias voltadas \u00e0 constru\u00e7\u00e3o de pol\u00edticas p\u00fablicas mais inclusivas e \u00e0 garantia dos [&hellip;]","og_url":"https:\/\/noticiaempauta.com\/portal\/picos-participa-de-4o-ciclo-de-formacao-presencial-do-selo-unicef-sobre-equidade-etnico-racial\/","og_site_name":"Portal Not\u00edcia em Pauta","article_publisher":"https:\/\/www.facebook.com\/Portal-Notcia-Em-Pauta-102292869264820\/","article_published_time":"2026-09-04T13:50:01+00:00","article_modified_time":"2026-09-04T13:50:04+00:00","og_image":[{"width":800,"height":600,"url":"https:\/\/noticiaempauta.com\/portal\/wp-content\/uploads\/2026\/09\/639ef147-c1f6-402a-b011-1a432353a0e1.webp","type":"image\/webp"}],"author":"Reda\u00e7\u00e3o","twitter_card":"summary_large_image","twitter_misc":{"Escrito por":"Reda\u00e7\u00e3o","Est. tempo de leitura":"4 minutos"},"schema":{"@context":"https:\/\/schema.org","@graph":[{"@type":"Article","@id":"https:\/\/noticiaempauta.com\/portal\/picos-participa-de-4o-ciclo-de-formacao-presencial-do-selo-unicef-sobre-equidade-etnico-racial\/#article","isPartOf":{"@id":"https:\/\/noticiaempauta.com\/portal\/picos-participa-de-4o-ciclo-de-formacao-presencial-do-selo-unicef-sobre-equidade-etnico-racial\/"},"author":{"name":"Reda\u00e7\u00e3o","@id":"https:\/\/noticiaempauta.com\/portal\/#\/schema\/person\/a74af43dd1ab3deca45f988c717d57ac"},"headline":"Picos participa de 4\u00ba ciclo de forma\u00e7\u00e3o presencial do Selo UNICEF sobre equidade \u00e9tnico-racial","datePublished":"2026-09-04T13:50:01+00:00","dateModified":"2026-09-04T13:50:04+00:00","mainEntityOfPage":{"@id":"https:\/\/noticiaempauta.com\/portal\/picos-participa-de-4o-ciclo-de-formacao-presencial-do-selo-unicef-sobre-equidade-etnico-racial\/"},"wordCount":374,"publisher":{"@id":"https:\/\/noticiaempauta.com\/portal\/#organization"},"image":{"@id":"https:\/\/noticiaempauta.com\/portal\/picos-participa-de-4o-ciclo-de-formacao-presencial-do-selo-unicef-sobre-equidade-etnico-racial\/#primaryimage"},"thumbnailUrl":"https:\/\/noticiaempauta.com\/portal\/wp-content\/uploads\/2026\/09\/639ef147-c1f6-402a-b011-1a432353a0e1.webp","articleSection":["Destaques","Geral","Todas as Not\u00edcias"],"inLanguage":"pt-BR"},{"@type":"WebPage","@id":"https:\/\/noticiaempauta.com\/portal\/picos-participa-de-4o-ciclo-de-formacao-presencial-do-selo-unicef-sobre-equidade-etnico-racial\/","url":"https:\/\/noticiaempauta.com\/portal\/picos-participa-de-4o-ciclo-de-formacao-presencial-do-selo-unicef-sobre-equidade-etnico-racial\/","name":"Picos participa de 4\u00ba ciclo de forma\u00e7\u00e3o presencial do Selo UNICEF sobre equidade \u00e9tnico-racial - Portal Not\u00edcia em Pauta","isPartOf":{"@id":"https:\/\/noticiaempauta.com\/portal\/#website"},"primaryImageOfPage":{"@id":"https:\/\/noticiaempauta.com\/portal\/picos-participa-de-4o-ciclo-de-formacao-presencial-do-selo-unicef-sobre-equidade-etnico-racial\/#primaryimage"},"image":{"@id":"https:\/\/noticiaempauta.com\/portal\/picos-participa-de-4o-ciclo-de-formacao-presencial-do-selo-unicef-sobre-equidade-etnico-racial\/#primaryimage"},"thumbnailUrl":"https:\/\/noticiaempauta.com\/portal\/wp-content\/uploads\/2026\/09\/639ef147-c1f6-402a-b011-1a432353a0e1.webp","datePublished":"2026-09-04T13:50:01+00:00","dateModified":"2026-09-04T13:50:04+00:00","breadcrumb":{"@id":"https:\/\/noticiaempauta.com\/portal\/picos-participa-de-4o-ciclo-de-formacao-presencial-do-selo-unicef-sobre-equidade-etnico-racial\/#breadcrumb"},"inLanguage":"pt-BR","potentialAction":[{"@type":"ReadAction","target":["https:\/\/noticiaempauta.com\/portal\/picos-participa-de-4o-ciclo-de-formacao-presencial-do-selo-unicef-sobre-equidade-etnico-racial\/"]}]},{"@type":"ImageObject","inLanguage":"pt-BR","@id":"https:\/\/noticiaempauta.com\/portal\/picos-participa-de-4o-ciclo-de-formacao-presencial-do-selo-unicef-sobre-equidade-etnico-racial\/#primaryimage","url":"https:\/\/noticiaempauta.com\/portal\/wp-content\/uploads\/2026\/09\/639ef147-c1f6-402a-b011-1a432353a0e1.webp","contentUrl":"https:\/\/noticiaempauta.com\/portal\/wp-content\/uploads\/2026\/09\/639ef147-c1f6-402a-b011-1a432353a0e1.webp","width":800,"height":600},{"@type":"BreadcrumbList","@id":"https:\/\/noticiaempauta.com\/portal\/picos-participa-de-4o-ciclo-de-formacao-presencial-do-selo-unicef-sobre-equidade-etnico-racial\/#breadcrumb","itemListElement":[{"@type":"ListItem","position":1,"name":"P\u00e1gina Inicial","item":"https:\/\/noticiaempauta.com\/portal\/"},{"@type":"ListItem","position":2,"name":"Destaques","item":"https:\/\/noticiaempauta.com\/portal\/destaques-site\/"},{"@type":"ListItem","position":3,"name":"Picos participa de 4\u00ba ciclo de forma\u00e7\u00e3o presencial do Selo UNICEF sobre equidade \u00e9tnico-racial"}]},{"@type":"WebSite","@id":"https:\/\/noticiaempauta.com\/portal\/#website","url":"https:\/\/noticiaempauta.com\/portal\/","name":"Portal Not\u00edcia em Pauta","description":"Voc\u00ea bem informado","publisher":{"@id":"https:\/\/noticiaempauta.com\/portal\/#organization"},"potentialAction":[{"@type":"SearchAction","target":{"@type":"EntryPoint","urlTemplate":"https:\/\/noticiaempauta.com\/portal\/?s={search_term_string}"},"query-input":{"@type":"PropertyValueSpecification","valueRequired":true,"valueName":"search_term_string"}}],"inLanguage":"pt-BR"},{"@type":"Organization","@id":"https:\/\/noticiaempauta.com\/portal\/#organization","name":"Portal Not\u00edcia em Pauta","url":"https:\/\/noticiaempauta.com\/portal\/","logo":{"@type":"ImageObject","inLanguage":"pt-BR","@id":"https:\/\/noticiaempauta.com\/portal\/#\/schema\/logo\/image\/","url":"https:\/\/noticiaempauta.com\/portal\/wp-content\/uploads\/2022\/08\/logomarca_tema.fw_.png","contentUrl":"https:\/\/noticiaempauta.com\/portal\/wp-content\/uploads\/2022\/08\/logomarca_tema.fw_.png","width":400,"height":232,"caption":"Portal Not\u00edcia em Pauta"},"image":{"@id":"https:\/\/noticiaempauta.com\/portal\/#\/schema\/logo\/image\/"},"sameAs":["https:\/\/www.facebook.com\/Portal-Notcia-Em-Pauta-102292869264820\/","https:\/\/www.instagram.com\/portalnoticiaempauta\/"]},{"@type":"Person","@id":"https:\/\/noticiaempauta.com\/portal\/#\/schema\/person\/a74af43dd1ab3deca45f988c717d57ac","name":"Reda\u00e7\u00e3o","image":{"@type":"ImageObject","inLanguage":"pt-BR","@id":"https:\/\/noticiaempauta.com\/portal\/#\/schema\/person\/image\/","url":"https:\/\/secure.gravatar.com\/avatar\/03179346ecce6cdfc13361603e8f54242a90e5cde8618fa23c5c00aa2b0aadf3?s=96&d=mm&r=g","contentUrl":"https:\/\/secure.gravatar.com\/avatar\/03179346ecce6cdfc13361603e8f54242a90e5cde8618fa23c5c00aa2b0aadf3?s=96&d=mm&r=g","caption":"Reda\u00e7\u00e3o"},"sameAs":["https:\/\/noticiaempauta.com\/portal\/"],"url":"https:\/\/noticiaempauta.com\/portal\/author\/fernando\/"}]}},"_links":{"self":[{"href":"https:\/\/noticiaempauta.com\/portal\/wp-json\/wp\/v2\/posts\/294286","targetHints":{"allow":["GET"]}}],"collection":[{"href":"https:\/\/noticiaempauta.com\/portal\/wp-json\/wp\/v2\/posts"}],"about":[{"href":"https:\/\/noticiaempauta.com\/portal\/wp-json\/wp\/v2\/types\/post"}],"author":[{"embeddable":true,"href":"https:\/\/noticiaempauta.com\/portal\/wp-json\/wp\/v2\/users\/2"}],"replies":[{"embeddable":true,"href":"https:\/\/noticiaempauta.com\/portal\/wp-json\/wp\/v2\/comments?post=294286"}],"version-history":[{"count":2,"href":"https:\/\/noticiaempauta.com\/portal\/wp-json\/wp\/v2\/posts\/294286\/revisions"}],"predecessor-version":[{"id":294294,"href":"https:\/\/noticiaempauta.com\/portal\/wp-json\/wp\/v2\/posts\/294286\/revisions\/294294"}],"wp:featuredmedia":[{"embeddable":true,"href":"https:\/\/noticiaempauta.com\/portal\/wp-json\/wp\/v2\/media\/294287"}],"wp:attachment":[{"href":"https:\/\/noticiaempauta.com\/portal\/wp-json\/wp\/v2\/media?parent=294286"}],"wp:term":[{"taxonomy":"category","embeddable":true,"href":"https:\/\/noticiaempauta.com\/portal\/wp-json\/wp\/v2\/categories?post=294286"},{"taxonomy":"post_tag","embeddable":true,"href":"https:\/\/noticiaempauta.com\/portal\/wp-json\/wp\/v2\/tags?post=294286"}],"curies":[{"name":"wp","href":"https:\/\/api.w.org\/{rel}","templated":true}]}}