{"id":294303,"date":"2026-09-04T15:37:50","date_gmt":"2026-09-04T18:37:50","guid":{"rendered":"https:\/\/noticiaempauta.com\/portal\/?p=294303"},"modified":"2026-09-04T15:37:52","modified_gmt":"2026-09-04T18:37:52","slug":"nova-pesquisa-amostragem-rafael-chega-a-7348-dos-votos-validos-e-abre-mais-de-52-pontos-sobre-joel","status":"publish","type":"post","link":"https:\/\/noticiaempauta.com\/portal\/nova-pesquisa-amostragem-rafael-chega-a-7348-dos-votos-validos-e-abre-mais-de-52-pontos-sobre-joel\/","title":{"rendered":"Nova pesquisa Amostragem: Rafael chega a 73,48% dos votos v\u00e1lidos e abre mais de 52 pontos sobre Joel"},"content":{"rendered":"\n<p class=\"wp-block-paragraph\">A\u00a0<strong>nova pesquisa do Instituto Amostragem<\/strong>, divulgada nesta sexta-feira (4), aponta\u00a0<strong>ampla vantagem do governador Rafael Fonteles (PT) na disputa pelo Governo do Piau\u00ed.<\/strong><\/p>\n\n\n\n<figure class=\"wp-block-image size-full\"><img fetchpriority=\"high\" decoding=\"async\" width=\"785\" height=\"435\" src=\"https:\/\/noticiaempauta.com\/portal\/wp-content\/uploads\/2026\/09\/rafael-fonteles-e-joel-rodrigues-durante-participacao-em-sabatinas-na-tv-meio-norte-67d98c0c34a1f81c.webp\" alt=\"\" class=\"wp-image-294305\" srcset=\"https:\/\/noticiaempauta.com\/portal\/wp-content\/uploads\/2026\/09\/rafael-fonteles-e-joel-rodrigues-durante-participacao-em-sabatinas-na-tv-meio-norte-67d98c0c34a1f81c.webp 785w, https:\/\/noticiaempauta.com\/portal\/wp-content\/uploads\/2026\/09\/rafael-fonteles-e-joel-rodrigues-durante-participacao-em-sabatinas-na-tv-meio-norte-67d98c0c34a1f81c-300x166.webp 300w, https:\/\/noticiaempauta.com\/portal\/wp-content\/uploads\/2026\/09\/rafael-fonteles-e-joel-rodrigues-durante-participacao-em-sabatinas-na-tv-meio-norte-67d98c0c34a1f81c-767x425.webp 767w\" sizes=\"(max-width: 785px) 100vw, 785px\" \/><figcaption class=\"wp-element-caption\"><em>Rafael Fonteles e Joel Rodrigues durante participa\u00e7\u00e3o em sabatinas na TV Meio Norte | Ra\u00edssa Morais\/Meio News<\/em><\/figcaption><\/figure>\n\n\n\n<p class=\"wp-block-paragraph\">Considerando apenas os votos v\u00e1lidos,&nbsp;<strong>Rafael aparece com 73,48%, contra 20,89% de Joel Rodrigues (Progressistas).<\/strong>&nbsp;A diferen\u00e7a entre os dois principais candidatos chega a 52,59 pontos percentuais.<ins><\/ins><\/p>\n\n\n\n<p class=\"wp-block-paragraph\">O levantamento foi realizado entre os dias 29 de agosto e 2 de setembro, j\u00e1 na reta final da campanha eleitoral. Foram entrevistados 1.137 eleitores.<\/p>\n\n\n\n<figure class=\"wp-block-image size-large\"><img decoding=\"async\" width=\"819\" height=\"1024\" src=\"https:\/\/noticiaempauta.com\/portal\/wp-content\/uploads\/2026\/09\/nova-pesquisa-amostragem-rafael-chega-a-73-48-dos-votos-va-lidos-e-abre-mais-de-52-pontos-sobre-joel-3c0fea1921a3badc-819x1024.webp\" alt=\"\" class=\"wp-image-294304\" srcset=\"https:\/\/noticiaempauta.com\/portal\/wp-content\/uploads\/2026\/09\/nova-pesquisa-amostragem-rafael-chega-a-73-48-dos-votos-va-lidos-e-abre-mais-de-52-pontos-sobre-joel-3c0fea1921a3badc-819x1024.webp 819w, https:\/\/noticiaempauta.com\/portal\/wp-content\/uploads\/2026\/09\/nova-pesquisa-amostragem-rafael-chega-a-73-48-dos-votos-va-lidos-e-abre-mais-de-52-pontos-sobre-joel-3c0fea1921a3badc-240x300.webp 240w, https:\/\/noticiaempauta.com\/portal\/wp-content\/uploads\/2026\/09\/nova-pesquisa-amostragem-rafael-chega-a-73-48-dos-votos-va-lidos-e-abre-mais-de-52-pontos-sobre-joel-3c0fea1921a3badc-768x960.webp 768w, https:\/\/noticiaempauta.com\/portal\/wp-content\/uploads\/2026\/09\/nova-pesquisa-amostragem-rafael-chega-a-73-48-dos-votos-va-lidos-e-abre-mais-de-52-pontos-sobre-joel-3c0fea1921a3badc.webp 1080w\" sizes=\"(max-width: 819px) 100vw, 819px\" \/><\/figure>\n\n\n\n<p class=\"wp-block-paragraph\"><strong>FICHA T\u00c9CNICA<\/strong><\/p>\n\n\n\n<p class=\"wp-block-paragraph\">A pesquisa do Instituto Amostragem ouviu de 29 de agosto a 2 de setembro, 1.137 eleitores, sendo 260 em Teresina, distribu\u00eddas por 49 munic\u00edpios de diferentes regi\u00f5es do estado. Tem margem de erro de 2,85 pontos percentuais, para mais ou para menos, com n\u00edvel de confian\u00e7a de 95%. O estat\u00edstico respons\u00e1vel \u00e9 Jo\u00e3o Batista Teles. O levantamento foi contratado pelo Sistema Timon de Radiodifus\u00e3o \/ TV Meio Norte e est\u00e1 registrado sob os n\u00fameros&nbsp;<strong>PI-05542\/2026 e BR-04775\/2026.<\/strong><\/p>\n\n\n\n<p class=\"wp-block-paragraph\">Fonte: Meio News<\/p>\n","protected":false},"excerpt":{"rendered":"<p>A\u00a0nova pesquisa do Instituto Amostragem, divulgada nesta sexta-feira (4), aponta\u00a0ampla vantagem do governador Rafael Fonteles (PT) na disputa pelo Governo do Piau\u00ed. Considerando apenas os votos v\u00e1lidos,&nbsp;Rafael aparece com 73,48%, contra 20,89% de Joel Rodrigues (Progressistas).&nbsp;A diferen\u00e7a entre os dois principais candidatos chega a 52,59 pontos percentuais. O levantamento foi realizado entre os dias 29 [&hellip;]<\/p>\n","protected":false},"author":2,"featured_media":294305,"comment_status":"closed","ping_status":"closed","sticky":false,"template":"","format":"standard","meta":{"_mi_skip_tracking":false,"footnotes":""},"categories":[25,1,3,16],"tags":[192],"class_list":["post-294303","post","type-post","status-publish","format-standard","has-post-thumbnail","hentry","category-destaques-site","category-geral","category-politica","category-todas","tag-destaqueprincipal"],"acf":[],"yoast_head":"<!-- This site is optimized with the Yoast SEO Premium plugin v19.2 (Yoast SEO v26.9) - https:\/\/yoast.com\/product\/yoast-seo-premium-wordpress\/ -->\n<title>Nova pesquisa Amostragem: Rafael chega a 73,48% dos votos v\u00e1lidos e abre mais de 52 pontos sobre Joel - Portal Not\u00edcia em Pauta<\/title>\n<meta name=\"robots\" content=\"index, follow, max-snippet:-1, max-image-preview:large, max-video-preview:-1\" \/>\n<link rel=\"canonical\" href=\"https:\/\/noticiaempauta.com\/portal\/nova-pesquisa-amostragem-rafael-chega-a-7348-dos-votos-validos-e-abre-mais-de-52-pontos-sobre-joel\/\" \/>\n<meta property=\"og:locale\" content=\"pt_BR\" \/>\n<meta property=\"og:type\" content=\"article\" \/>\n<meta property=\"og:title\" content=\"Nova pesquisa Amostragem: Rafael chega a 73,48% dos votos v\u00e1lidos e abre mais de 52 pontos sobre Joel\" \/>\n<meta property=\"og:description\" content=\"A\u00a0nova pesquisa do Instituto Amostragem, divulgada nesta sexta-feira (4), aponta\u00a0ampla vantagem do governador Rafael Fonteles (PT) na disputa pelo Governo do Piau\u00ed. Considerando apenas os votos v\u00e1lidos,&nbsp;Rafael aparece com 73,48%, contra 20,89% de Joel Rodrigues (Progressistas).&nbsp;A diferen\u00e7a entre os dois principais candidatos chega a 52,59 pontos percentuais. O levantamento foi realizado entre os dias 29 [&hellip;]\" \/>\n<meta property=\"og:url\" content=\"https:\/\/noticiaempauta.com\/portal\/nova-pesquisa-amostragem-rafael-chega-a-7348-dos-votos-validos-e-abre-mais-de-52-pontos-sobre-joel\/\" \/>\n<meta property=\"og:site_name\" content=\"Portal Not\u00edcia em Pauta\" \/>\n<meta property=\"article:publisher\" content=\"https:\/\/www.facebook.com\/Portal-Notcia-Em-Pauta-102292869264820\/\" \/>\n<meta property=\"article:published_time\" content=\"2026-09-04T18:37:50+00:00\" \/>\n<meta property=\"article:modified_time\" content=\"2026-09-04T18:37:52+00:00\" \/>\n<meta property=\"og:image\" content=\"https:\/\/noticiaempauta.com\/portal\/wp-content\/uploads\/2026\/09\/rafael-fonteles-e-joel-rodrigues-durante-participacao-em-sabatinas-na-tv-meio-norte-67d98c0c34a1f81c.webp\" \/>\n\t<meta property=\"og:image:width\" content=\"785\" \/>\n\t<meta property=\"og:image:height\" content=\"435\" \/>\n\t<meta property=\"og:image:type\" content=\"image\/webp\" \/>\n<meta name=\"author\" content=\"Reda\u00e7\u00e3o\" \/>\n<meta name=\"twitter:card\" content=\"summary_large_image\" \/>\n<meta name=\"twitter:label1\" content=\"Escrito por\" \/>\n\t<meta name=\"twitter:data1\" content=\"Reda\u00e7\u00e3o\" \/>\n\t<meta name=\"twitter:label2\" content=\"Est. tempo de leitura\" \/>\n\t<meta name=\"twitter:data2\" content=\"2 minutos\" \/>\n<script type=\"application\/ld+json\" class=\"yoast-schema-graph\">{\"@context\":\"https:\/\/schema.org\",\"@graph\":[{\"@type\":\"Article\",\"@id\":\"https:\/\/noticiaempauta.com\/portal\/nova-pesquisa-amostragem-rafael-chega-a-7348-dos-votos-validos-e-abre-mais-de-52-pontos-sobre-joel\/#article\",\"isPartOf\":{\"@id\":\"https:\/\/noticiaempauta.com\/portal\/nova-pesquisa-amostragem-rafael-chega-a-7348-dos-votos-validos-e-abre-mais-de-52-pontos-sobre-joel\/\"},\"author\":{\"name\":\"Reda\u00e7\u00e3o\",\"@id\":\"https:\/\/noticiaempauta.com\/portal\/#\/schema\/person\/a74af43dd1ab3deca45f988c717d57ac\"},\"headline\":\"Nova pesquisa Amostragem: Rafael chega a 73,48% dos votos v\u00e1lidos e abre mais de 52 pontos sobre Joel\",\"datePublished\":\"2026-09-04T18:37:50+00:00\",\"dateModified\":\"2026-09-04T18:37:52+00:00\",\"mainEntityOfPage\":{\"@id\":\"https:\/\/noticiaempauta.com\/portal\/nova-pesquisa-amostragem-rafael-chega-a-7348-dos-votos-validos-e-abre-mais-de-52-pontos-sobre-joel\/\"},\"wordCount\":194,\"publisher\":{\"@id\":\"https:\/\/noticiaempauta.com\/portal\/#organization\"},\"image\":{\"@id\":\"https:\/\/noticiaempauta.com\/portal\/nova-pesquisa-amostragem-rafael-chega-a-7348-dos-votos-validos-e-abre-mais-de-52-pontos-sobre-joel\/#primaryimage\"},\"thumbnailUrl\":\"https:\/\/noticiaempauta.com\/portal\/wp-content\/uploads\/2026\/09\/rafael-fonteles-e-joel-rodrigues-durante-participacao-em-sabatinas-na-tv-meio-norte-67d98c0c34a1f81c.webp\",\"keywords\":[\"destaqueprincipal\"],\"articleSection\":[\"Destaques\",\"Geral\",\"Pol\u00edtica\",\"Todas as Not\u00edcias\"],\"inLanguage\":\"pt-BR\"},{\"@type\":\"WebPage\",\"@id\":\"https:\/\/noticiaempauta.com\/portal\/nova-pesquisa-amostragem-rafael-chega-a-7348-dos-votos-validos-e-abre-mais-de-52-pontos-sobre-joel\/\",\"url\":\"https:\/\/noticiaempauta.com\/portal\/nova-pesquisa-amostragem-rafael-chega-a-7348-dos-votos-validos-e-abre-mais-de-52-pontos-sobre-joel\/\",\"name\":\"Nova pesquisa Amostragem: Rafael chega a 73,48% dos votos v\u00e1lidos e abre mais de 52 pontos sobre Joel - Portal Not\u00edcia em Pauta\",\"isPartOf\":{\"@id\":\"https:\/\/noticiaempauta.com\/portal\/#website\"},\"primaryImageOfPage\":{\"@id\":\"https:\/\/noticiaempauta.com\/portal\/nova-pesquisa-amostragem-rafael-chega-a-7348-dos-votos-validos-e-abre-mais-de-52-pontos-sobre-joel\/#primaryimage\"},\"image\":{\"@id\":\"https:\/\/noticiaempauta.com\/portal\/nova-pesquisa-amostragem-rafael-chega-a-7348-dos-votos-validos-e-abre-mais-de-52-pontos-sobre-joel\/#primaryimage\"},\"thumbnailUrl\":\"https:\/\/noticiaempauta.com\/portal\/wp-content\/uploads\/2026\/09\/rafael-fonteles-e-joel-rodrigues-durante-participacao-em-sabatinas-na-tv-meio-norte-67d98c0c34a1f81c.webp\",\"datePublished\":\"2026-09-04T18:37:50+00:00\",\"dateModified\":\"2026-09-04T18:37:52+00:00\",\"breadcrumb\":{\"@id\":\"https:\/\/noticiaempauta.com\/portal\/nova-pesquisa-amostragem-rafael-chega-a-7348-dos-votos-validos-e-abre-mais-de-52-pontos-sobre-joel\/#breadcrumb\"},\"inLanguage\":\"pt-BR\",\"potentialAction\":[{\"@type\":\"ReadAction\",\"target\":[\"https:\/\/noticiaempauta.com\/portal\/nova-pesquisa-amostragem-rafael-chega-a-7348-dos-votos-validos-e-abre-mais-de-52-pontos-sobre-joel\/\"]}]},{\"@type\":\"ImageObject\",\"inLanguage\":\"pt-BR\",\"@id\":\"https:\/\/noticiaempauta.com\/portal\/nova-pesquisa-amostragem-rafael-chega-a-7348-dos-votos-validos-e-abre-mais-de-52-pontos-sobre-joel\/#primaryimage\",\"url\":\"https:\/\/noticiaempauta.com\/portal\/wp-content\/uploads\/2026\/09\/rafael-fonteles-e-joel-rodrigues-durante-participacao-em-sabatinas-na-tv-meio-norte-67d98c0c34a1f81c.webp\",\"contentUrl\":\"https:\/\/noticiaempauta.com\/portal\/wp-content\/uploads\/2026\/09\/rafael-fonteles-e-joel-rodrigues-durante-participacao-em-sabatinas-na-tv-meio-norte-67d98c0c34a1f81c.webp\",\"width\":785,\"height\":435},{\"@type\":\"BreadcrumbList\",\"@id\":\"https:\/\/noticiaempauta.com\/portal\/nova-pesquisa-amostragem-rafael-chega-a-7348-dos-votos-validos-e-abre-mais-de-52-pontos-sobre-joel\/#breadcrumb\",\"itemListElement\":[{\"@type\":\"ListItem\",\"position\":1,\"name\":\"P\u00e1gina Inicial\",\"item\":\"https:\/\/noticiaempauta.com\/portal\/\"},{\"@type\":\"ListItem\",\"position\":2,\"name\":\"Destaques\",\"item\":\"https:\/\/noticiaempauta.com\/portal\/destaques-site\/\"},{\"@type\":\"ListItem\",\"position\":3,\"name\":\"Nova pesquisa Amostragem: Rafael chega a 73,48% dos votos v\u00e1lidos e abre mais de 52 pontos sobre Joel\"}]},{\"@type\":\"WebSite\",\"@id\":\"https:\/\/noticiaempauta.com\/portal\/#website\",\"url\":\"https:\/\/noticiaempauta.com\/portal\/\",\"name\":\"Portal Not\u00edcia em Pauta\",\"description\":\"Voc\u00ea bem informado\",\"publisher\":{\"@id\":\"https:\/\/noticiaempauta.com\/portal\/#organization\"},\"potentialAction\":[{\"@type\":\"SearchAction\",\"target\":{\"@type\":\"EntryPoint\",\"urlTemplate\":\"https:\/\/noticiaempauta.com\/portal\/?s={search_term_string}\"},\"query-input\":{\"@type\":\"PropertyValueSpecification\",\"valueRequired\":true,\"valueName\":\"search_term_string\"}}],\"inLanguage\":\"pt-BR\"},{\"@type\":\"Organization\",\"@id\":\"https:\/\/noticiaempauta.com\/portal\/#organization\",\"name\":\"Portal Not\u00edcia em Pauta\",\"url\":\"https:\/\/noticiaempauta.com\/portal\/\",\"logo\":{\"@type\":\"ImageObject\",\"inLanguage\":\"pt-BR\",\"@id\":\"https:\/\/noticiaempauta.com\/portal\/#\/schema\/logo\/image\/\",\"url\":\"https:\/\/noticiaempauta.com\/portal\/wp-content\/uploads\/2022\/08\/logomarca_tema.fw_.png\",\"contentUrl\":\"https:\/\/noticiaempauta.com\/portal\/wp-content\/uploads\/2022\/08\/logomarca_tema.fw_.png\",\"width\":400,\"height\":232,\"caption\":\"Portal Not\u00edcia em Pauta\"},\"image\":{\"@id\":\"https:\/\/noticiaempauta.com\/portal\/#\/schema\/logo\/image\/\"},\"sameAs\":[\"https:\/\/www.facebook.com\/Portal-Notcia-Em-Pauta-102292869264820\/\",\"https:\/\/www.instagram.com\/portalnoticiaempauta\/\"]},{\"@type\":\"Person\",\"@id\":\"https:\/\/noticiaempauta.com\/portal\/#\/schema\/person\/a74af43dd1ab3deca45f988c717d57ac\",\"name\":\"Reda\u00e7\u00e3o\",\"image\":{\"@type\":\"ImageObject\",\"inLanguage\":\"pt-BR\",\"@id\":\"https:\/\/noticiaempauta.com\/portal\/#\/schema\/person\/image\/\",\"url\":\"https:\/\/secure.gravatar.com\/avatar\/03179346ecce6cdfc13361603e8f54242a90e5cde8618fa23c5c00aa2b0aadf3?s=96&d=mm&r=g\",\"contentUrl\":\"https:\/\/secure.gravatar.com\/avatar\/03179346ecce6cdfc13361603e8f54242a90e5cde8618fa23c5c00aa2b0aadf3?s=96&d=mm&r=g\",\"caption\":\"Reda\u00e7\u00e3o\"},\"sameAs\":[\"https:\/\/noticiaempauta.com\/portal\/\"],\"url\":\"https:\/\/noticiaempauta.com\/portal\/author\/fernando\/\"}]}<\/script>\n<!-- \/ Yoast SEO Premium plugin. -->","yoast_head_json":{"title":"Nova pesquisa Amostragem: Rafael chega a 73,48% dos votos v\u00e1lidos e abre mais de 52 pontos sobre Joel - Portal Not\u00edcia em Pauta","robots":{"index":"index","follow":"follow","max-snippet":"max-snippet:-1","max-image-preview":"max-image-preview:large","max-video-preview":"max-video-preview:-1"},"canonical":"https:\/\/noticiaempauta.com\/portal\/nova-pesquisa-amostragem-rafael-chega-a-7348-dos-votos-validos-e-abre-mais-de-52-pontos-sobre-joel\/","og_locale":"pt_BR","og_type":"article","og_title":"Nova pesquisa Amostragem: Rafael chega a 73,48% dos votos v\u00e1lidos e abre mais de 52 pontos sobre Joel","og_description":"A\u00a0nova pesquisa do Instituto Amostragem, divulgada nesta sexta-feira (4), aponta\u00a0ampla vantagem do governador Rafael Fonteles (PT) na disputa pelo Governo do Piau\u00ed. Considerando apenas os votos v\u00e1lidos,&nbsp;Rafael aparece com 73,48%, contra 20,89% de Joel Rodrigues (Progressistas).&nbsp;A diferen\u00e7a entre os dois principais candidatos chega a 52,59 pontos percentuais. O levantamento foi realizado entre os dias 29 [&hellip;]","og_url":"https:\/\/noticiaempauta.com\/portal\/nova-pesquisa-amostragem-rafael-chega-a-7348-dos-votos-validos-e-abre-mais-de-52-pontos-sobre-joel\/","og_site_name":"Portal Not\u00edcia em Pauta","article_publisher":"https:\/\/www.facebook.com\/Portal-Notcia-Em-Pauta-102292869264820\/","article_published_time":"2026-09-04T18:37:50+00:00","article_modified_time":"2026-09-04T18:37:52+00:00","og_image":[{"width":785,"height":435,"url":"https:\/\/noticiaempauta.com\/portal\/wp-content\/uploads\/2026\/09\/rafael-fonteles-e-joel-rodrigues-durante-participacao-em-sabatinas-na-tv-meio-norte-67d98c0c34a1f81c.webp","type":"image\/webp"}],"author":"Reda\u00e7\u00e3o","twitter_card":"summary_large_image","twitter_misc":{"Escrito por":"Reda\u00e7\u00e3o","Est. tempo de leitura":"2 minutos"},"schema":{"@context":"https:\/\/schema.org","@graph":[{"@type":"Article","@id":"https:\/\/noticiaempauta.com\/portal\/nova-pesquisa-amostragem-rafael-chega-a-7348-dos-votos-validos-e-abre-mais-de-52-pontos-sobre-joel\/#article","isPartOf":{"@id":"https:\/\/noticiaempauta.com\/portal\/nova-pesquisa-amostragem-rafael-chega-a-7348-dos-votos-validos-e-abre-mais-de-52-pontos-sobre-joel\/"},"author":{"name":"Reda\u00e7\u00e3o","@id":"https:\/\/noticiaempauta.com\/portal\/#\/schema\/person\/a74af43dd1ab3deca45f988c717d57ac"},"headline":"Nova pesquisa Amostragem: Rafael chega a 73,48% dos votos v\u00e1lidos e abre mais de 52 pontos sobre Joel","datePublished":"2026-09-04T18:37:50+00:00","dateModified":"2026-09-04T18:37:52+00:00","mainEntityOfPage":{"@id":"https:\/\/noticiaempauta.com\/portal\/nova-pesquisa-amostragem-rafael-chega-a-7348-dos-votos-validos-e-abre-mais-de-52-pontos-sobre-joel\/"},"wordCount":194,"publisher":{"@id":"https:\/\/noticiaempauta.com\/portal\/#organization"},"image":{"@id":"https:\/\/noticiaempauta.com\/portal\/nova-pesquisa-amostragem-rafael-chega-a-7348-dos-votos-validos-e-abre-mais-de-52-pontos-sobre-joel\/#primaryimage"},"thumbnailUrl":"https:\/\/noticiaempauta.com\/portal\/wp-content\/uploads\/2026\/09\/rafael-fonteles-e-joel-rodrigues-durante-participacao-em-sabatinas-na-tv-meio-norte-67d98c0c34a1f81c.webp","keywords":["destaqueprincipal"],"articleSection":["Destaques","Geral","Pol\u00edtica","Todas as Not\u00edcias"],"inLanguage":"pt-BR"},{"@type":"WebPage","@id":"https:\/\/noticiaempauta.com\/portal\/nova-pesquisa-amostragem-rafael-chega-a-7348-dos-votos-validos-e-abre-mais-de-52-pontos-sobre-joel\/","url":"https:\/\/noticiaempauta.com\/portal\/nova-pesquisa-amostragem-rafael-chega-a-7348-dos-votos-validos-e-abre-mais-de-52-pontos-sobre-joel\/","name":"Nova pesquisa Amostragem: Rafael chega a 73,48% dos votos v\u00e1lidos e abre mais de 52 pontos sobre Joel - Portal Not\u00edcia em Pauta","isPartOf":{"@id":"https:\/\/noticiaempauta.com\/portal\/#website"},"primaryImageOfPage":{"@id":"https:\/\/noticiaempauta.com\/portal\/nova-pesquisa-amostragem-rafael-chega-a-7348-dos-votos-validos-e-abre-mais-de-52-pontos-sobre-joel\/#primaryimage"},"image":{"@id":"https:\/\/noticiaempauta.com\/portal\/nova-pesquisa-amostragem-rafael-chega-a-7348-dos-votos-validos-e-abre-mais-de-52-pontos-sobre-joel\/#primaryimage"},"thumbnailUrl":"https:\/\/noticiaempauta.com\/portal\/wp-content\/uploads\/2026\/09\/rafael-fonteles-e-joel-rodrigues-durante-participacao-em-sabatinas-na-tv-meio-norte-67d98c0c34a1f81c.webp","datePublished":"2026-09-04T18:37:50+00:00","dateModified":"2026-09-04T18:37:52+00:00","breadcrumb":{"@id":"https:\/\/noticiaempauta.com\/portal\/nova-pesquisa-amostragem-rafael-chega-a-7348-dos-votos-validos-e-abre-mais-de-52-pontos-sobre-joel\/#breadcrumb"},"inLanguage":"pt-BR","potentialAction":[{"@type":"ReadAction","target":["https:\/\/noticiaempauta.com\/portal\/nova-pesquisa-amostragem-rafael-chega-a-7348-dos-votos-validos-e-abre-mais-de-52-pontos-sobre-joel\/"]}]},{"@type":"ImageObject","inLanguage":"pt-BR","@id":"https:\/\/noticiaempauta.com\/portal\/nova-pesquisa-amostragem-rafael-chega-a-7348-dos-votos-validos-e-abre-mais-de-52-pontos-sobre-joel\/#primaryimage","url":"https:\/\/noticiaempauta.com\/portal\/wp-content\/uploads\/2026\/09\/rafael-fonteles-e-joel-rodrigues-durante-participacao-em-sabatinas-na-tv-meio-norte-67d98c0c34a1f81c.webp","contentUrl":"https:\/\/noticiaempauta.com\/portal\/wp-content\/uploads\/2026\/09\/rafael-fonteles-e-joel-rodrigues-durante-participacao-em-sabatinas-na-tv-meio-norte-67d98c0c34a1f81c.webp","width":785,"height":435},{"@type":"BreadcrumbList","@id":"https:\/\/noticiaempauta.com\/portal\/nova-pesquisa-amostragem-rafael-chega-a-7348-dos-votos-validos-e-abre-mais-de-52-pontos-sobre-joel\/#breadcrumb","itemListElement":[{"@type":"ListItem","position":1,"name":"P\u00e1gina Inicial","item":"https:\/\/noticiaempauta.com\/portal\/"},{"@type":"ListItem","position":2,"name":"Destaques","item":"https:\/\/noticiaempauta.com\/portal\/destaques-site\/"},{"@type":"ListItem","position":3,"name":"Nova pesquisa Amostragem: Rafael chega a 73,48% dos votos v\u00e1lidos e abre mais de 52 pontos sobre Joel"}]},{"@type":"WebSite","@id":"https:\/\/noticiaempauta.com\/portal\/#website","url":"https:\/\/noticiaempauta.com\/portal\/","name":"Portal Not\u00edcia em Pauta","description":"Voc\u00ea bem informado","publisher":{"@id":"https:\/\/noticiaempauta.com\/portal\/#organization"},"potentialAction":[{"@type":"SearchAction","target":{"@type":"EntryPoint","urlTemplate":"https:\/\/noticiaempauta.com\/portal\/?s={search_term_string}"},"query-input":{"@type":"PropertyValueSpecification","valueRequired":true,"valueName":"search_term_string"}}],"inLanguage":"pt-BR"},{"@type":"Organization","@id":"https:\/\/noticiaempauta.com\/portal\/#organization","name":"Portal Not\u00edcia em Pauta","url":"https:\/\/noticiaempauta.com\/portal\/","logo":{"@type":"ImageObject","inLanguage":"pt-BR","@id":"https:\/\/noticiaempauta.com\/portal\/#\/schema\/logo\/image\/","url":"https:\/\/noticiaempauta.com\/portal\/wp-content\/uploads\/2022\/08\/logomarca_tema.fw_.png","contentUrl":"https:\/\/noticiaempauta.com\/portal\/wp-content\/uploads\/2022\/08\/logomarca_tema.fw_.png","width":400,"height":232,"caption":"Portal Not\u00edcia em Pauta"},"image":{"@id":"https:\/\/noticiaempauta.com\/portal\/#\/schema\/logo\/image\/"},"sameAs":["https:\/\/www.facebook.com\/Portal-Notcia-Em-Pauta-102292869264820\/","https:\/\/www.instagram.com\/portalnoticiaempauta\/"]},{"@type":"Person","@id":"https:\/\/noticiaempauta.com\/portal\/#\/schema\/person\/a74af43dd1ab3deca45f988c717d57ac","name":"Reda\u00e7\u00e3o","image":{"@type":"ImageObject","inLanguage":"pt-BR","@id":"https:\/\/noticiaempauta.com\/portal\/#\/schema\/person\/image\/","url":"https:\/\/secure.gravatar.com\/avatar\/03179346ecce6cdfc13361603e8f54242a90e5cde8618fa23c5c00aa2b0aadf3?s=96&d=mm&r=g","contentUrl":"https:\/\/secure.gravatar.com\/avatar\/03179346ecce6cdfc13361603e8f54242a90e5cde8618fa23c5c00aa2b0aadf3?s=96&d=mm&r=g","caption":"Reda\u00e7\u00e3o"},"sameAs":["https:\/\/noticiaempauta.com\/portal\/"],"url":"https:\/\/noticiaempauta.com\/portal\/author\/fernando\/"}]}},"_links":{"self":[{"href":"https:\/\/noticiaempauta.com\/portal\/wp-json\/wp\/v2\/posts\/294303","targetHints":{"allow":["GET"]}}],"collection":[{"href":"https:\/\/noticiaempauta.com\/portal\/wp-json\/wp\/v2\/posts"}],"about":[{"href":"https:\/\/noticiaempauta.com\/portal\/wp-json\/wp\/v2\/types\/post"}],"author":[{"embeddable":true,"href":"https:\/\/noticiaempauta.com\/portal\/wp-json\/wp\/v2\/users\/2"}],"replies":[{"embeddable":true,"href":"https:\/\/noticiaempauta.com\/portal\/wp-json\/wp\/v2\/comments?post=294303"}],"version-history":[{"count":2,"href":"https:\/\/noticiaempauta.com\/portal\/wp-json\/wp\/v2\/posts\/294303\/revisions"}],"predecessor-version":[{"id":294307,"href":"https:\/\/noticiaempauta.com\/portal\/wp-json\/wp\/v2\/posts\/294303\/revisions\/294307"}],"wp:featuredmedia":[{"embeddable":true,"href":"https:\/\/noticiaempauta.com\/portal\/wp-json\/wp\/v2\/media\/294305"}],"wp:attachment":[{"href":"https:\/\/noticiaempauta.com\/portal\/wp-json\/wp\/v2\/media?parent=294303"}],"wp:term":[{"taxonomy":"category","embeddable":true,"href":"https:\/\/noticiaempauta.com\/portal\/wp-json\/wp\/v2\/categories?post=294303"},{"taxonomy":"post_tag","embeddable":true,"href":"https:\/\/noticiaempauta.com\/portal\/wp-json\/wp\/v2\/tags?post=294303"}],"curies":[{"name":"wp","href":"https:\/\/api.w.org\/{rel}","templated":true}]}}