{"id":294320,"date":"2026-09-05T08:14:07","date_gmt":"2026-09-05T11:14:07","guid":{"rendered":"https:\/\/noticiaempauta.com\/portal\/?p=294320"},"modified":"2026-09-05T08:14:10","modified_gmt":"2026-09-05T11:14:10","slug":"feriadao-de-7-de-setembro-tera-calor-de-ate-40c-e-chuva-isolada-no-piaui-veja-previsao","status":"publish","type":"post","link":"https:\/\/noticiaempauta.com\/portal\/feriadao-de-7-de-setembro-tera-calor-de-ate-40c-e-chuva-isolada-no-piaui-veja-previsao\/","title":{"rendered":"Feriad\u00e3o de 7 de setembro ter\u00e1 calor de at\u00e9 40\u00b0C e chuva isolada no Piau\u00ed; veja previs\u00e3o"},"content":{"rendered":"\n<p class=\"wp-block-paragraph\">O Piau\u00ed ter\u00e1\u00a0<strong>temperaturas elevadas e possibilidade de chuvas isoladas durante o feriad\u00e3o de 7 de Setembro<\/strong>, entre s\u00e1bado (5) e ter\u00e7a-feira (8). Em Teresina, o calor ser\u00e1 intenso, com m\u00e1xima de\u00a0<strong>39\u00b0C no s\u00e1bado e no domingo<\/strong>, podendo chegar a\u00a0<strong>40\u00b0C na segunda-feira (7)<\/strong>, feriado da Independ\u00eancia. J\u00e1 no sul do estado, h\u00e1 previs\u00e3o de pancadas de chuva e trovoadas isoladas ao longo do per\u00edodo.<\/p>\n\n\n\n<figure class=\"wp-block-image size-full\"><img fetchpriority=\"high\" decoding=\"async\" width=\"785\" height=\"435\" src=\"https:\/\/noticiaempauta.com\/portal\/wp-content\/uploads\/2026\/09\/tempo-nublado-em-teresina-d7474eabf0b74975.webp\" alt=\"\" class=\"wp-image-294321\" srcset=\"https:\/\/noticiaempauta.com\/portal\/wp-content\/uploads\/2026\/09\/tempo-nublado-em-teresina-d7474eabf0b74975.webp 785w, https:\/\/noticiaempauta.com\/portal\/wp-content\/uploads\/2026\/09\/tempo-nublado-em-teresina-d7474eabf0b74975-300x166.webp 300w, https:\/\/noticiaempauta.com\/portal\/wp-content\/uploads\/2026\/09\/tempo-nublado-em-teresina-d7474eabf0b74975-767x425.webp 767w\" sizes=\"(max-width: 785px) 100vw, 785px\" \/><figcaption class=\"wp-element-caption\"><em>Foto: Raissa Morais\/Portal MeioNews<\/em><\/figcaption><\/figure>\n\n\n\n<h2 class=\"wp-block-heading\"><strong>S\u00e1bado com instabilidade<\/strong><\/h2>\n\n\n\n<p class=\"wp-block-paragraph\">No s\u00e1bado (5), a instabilidade deve se concentrar principalmente na regi\u00e3o do\u00a0<strong>Matopiba<\/strong>, que inclui \u00e1reas do Piau\u00ed, Maranh\u00e3o, Tocantins e Bahia. No estado, h\u00e1 previs\u00e3o de\u00a0<strong>chuvas e trovoadas isoladas no sul<\/strong>, enquanto outras \u00e1reas devem permanecer com tempo quente.<\/p>\n\n\n\n<p class=\"wp-block-paragraph\">Em Teresina, a temperatura m\u00e1xima pode chegar a&nbsp;<strong>39\u00b0C<\/strong>. A capital tamb\u00e9m est\u00e1 entre as \u00e1reas com previs\u00e3o de baixa umidade do ar durante a tarde.<\/p>\n\n\n\n<p class=\"wp-block-paragraph\">A previs\u00e3o tamb\u00e9m indica chuva isolada no sul do Maranh\u00e3o e possibilidade de precipita\u00e7\u00f5es pontuais em outras \u00e1reas da regi\u00e3o Nordeste.<\/p>\n\n\n\n<h2 class=\"wp-block-heading\"><strong>Domingo ser\u00e1 de calor<\/strong><\/h2>\n\n\n\n<p class=\"wp-block-paragraph\">No domingo (6), o tempo deve ficar mais seco em grande parte do Piau\u00ed. A previs\u00e3o aponta&nbsp;<a href=\"https:\/\/www.meionews.com\/piaui\" target=\"_blank\" rel=\"noopener\"><strong>poucas nuvens na regi\u00e3o central do estado<\/strong><\/a>, enquanto o sul ainda pode registrar chuvas isoladas.<\/p>\n\n\n\n<p class=\"wp-block-paragraph\">Mesmo com a possibilidade de precipita\u00e7\u00f5es em algumas \u00e1reas, o calor permanece intenso.&nbsp;<strong>Teresina deve registrar novamente m\u00e1xima de 39\u00b0C<\/strong>.<\/p>\n\n\n\n<p class=\"wp-block-paragraph\">Entre as capitais nordestinas, as temperaturas tamb\u00e9m permanecem elevadas, com m\u00e1ximas acima dos 30\u00b0C.<\/p>\n\n\n\n<h2 class=\"wp-block-heading\"><strong>Feriado com at\u00e9 40\u00b0C<\/strong><\/h2>\n\n\n\n<p class=\"wp-block-paragraph\">Na segunda-feira (7), feriado da&nbsp;<strong>Independ\u00eancia do Brasil<\/strong>, o calor aumenta na capital piauiense. A previs\u00e3o indica&nbsp;<strong>m\u00e1xima de 40\u00b0C em Teresina<\/strong>, maior temperatura prevista para o per\u00edodo.<\/p>\n\n\n\n<p class=\"wp-block-paragraph\">No sul do Piau\u00ed, entretanto, ainda h\u00e1 possibilidade de&nbsp;<strong>chuvas isoladas e trovoadas<\/strong>. Condi\u00e7\u00f5es semelhantes podem ocorrer em \u00e1reas do sudoeste do Maranh\u00e3o e em partes da Bahia.<\/p>\n\n\n\n<p class=\"wp-block-paragraph\">No restante do estado, a previs\u00e3o \u00e9 de per\u00edodos de sol e poucas nuvens, principalmente no leste piauiense.<\/p>\n\n\n\n<h2 class=\"wp-block-heading\"><strong>Ter\u00e7a-feira mant\u00e9m calor<\/strong><\/h2>\n\n\n\n<p class=\"wp-block-paragraph\">Na ter\u00e7a-feira (8), o cen\u00e1rio permanece quente em Teresina, com&nbsp;<strong>m\u00e1xima prevista de 39\u00b0C<\/strong>.<\/p>\n\n\n\n<p class=\"wp-block-paragraph\">H\u00e1 possibilidade de chuvas isoladas em \u00e1reas do&nbsp;<strong>centro-sul do Piau\u00ed<\/strong>, al\u00e9m de pontos do Maranh\u00e3o e da faixa litor\u00e2nea do Nordeste. Em outras regi\u00f5es, o c\u00e9u deve apresentar muitas nuvens, mas sem previs\u00e3o de chuva generalizada.<\/p>\n\n\n\n<h2 class=\"wp-block-heading\"><strong>Baixa umidade exige aten\u00e7\u00e3o<\/strong><\/h2>\n\n\n\n<p class=\"wp-block-paragraph\">Al\u00e9m das altas temperaturas, moradores do Piau\u00ed devem ficar atentos\u00a0\u00e0\u00a0<strong>baixa umidade relativa do ar durante as tardes<\/strong>.\u00a0Para o s\u00e1bado (5), h\u00e1 previs\u00e3o de alerta amarelo para condi\u00e7\u00f5es de umidade reduzida em \u00e1reas do estado.<\/p>\n\n\n\n<p class=\"wp-block-paragraph\">A combina\u00e7\u00e3o de calor e baixa umidade pode aumentar o desconforto e os riscos associados \u00e0 desidrata\u00e7\u00e3o. Por isso, a orienta\u00e7\u00e3o \u00e9&nbsp;<strong>manter a hidrata\u00e7\u00e3o e evitar exposi\u00e7\u00e3o prolongada ao sol nos hor\u00e1rios de maior calor<\/strong>.<\/p>\n\n\n\n<h3 class=\"wp-block-heading\"><strong>Veja a previs\u00e3o em Teresina<\/strong><\/h3>\n\n\n\n<ul class=\"wp-block-list\">\n<li><strong>S\u00e1bado (5):<\/strong>\u00a0m\u00e1xima de 39\u00b0C;<\/li>\n\n\n\n<li><strong>Domingo (6):<\/strong>\u00a0m\u00e1xima de 39\u00b0C;<\/li>\n\n\n\n<li><strong>Segunda-feira (7):<\/strong>\u00a0m\u00e1xima de 40\u00b0C;<\/li>\n\n\n\n<li><strong>Ter\u00e7a-feira (8):<\/strong>\u00a0m\u00e1xima de 39\u00b0C.<\/li>\n<\/ul>\n\n\n\n<p class=\"wp-block-paragraph\">Fonte: Meio News<\/p>\n","protected":false},"excerpt":{"rendered":"<p>O Piau\u00ed ter\u00e1\u00a0temperaturas elevadas e possibilidade de chuvas isoladas durante o feriad\u00e3o de 7 de Setembro, entre s\u00e1bado (5) e ter\u00e7a-feira (8). Em Teresina, o calor ser\u00e1 intenso, com m\u00e1xima de\u00a039\u00b0C no s\u00e1bado e no domingo, podendo chegar a\u00a040\u00b0C na segunda-feira (7), feriado da Independ\u00eancia. J\u00e1 no sul do estado, h\u00e1 previs\u00e3o de pancadas de [&hellip;]<\/p>\n","protected":false},"author":2,"featured_media":294321,"comment_status":"closed","ping_status":"closed","sticky":false,"template":"","format":"standard","meta":{"_mi_skip_tracking":false,"footnotes":""},"categories":[25,1,9,16],"tags":[192],"class_list":["post-294320","post","type-post","status-publish","format-standard","has-post-thumbnail","hentry","category-destaques-site","category-geral","category-municipios","category-todas","tag-destaqueprincipal"],"acf":[],"yoast_head":"<!-- This site is optimized with the Yoast SEO Premium plugin v19.2 (Yoast SEO v26.9) - https:\/\/yoast.com\/product\/yoast-seo-premium-wordpress\/ -->\n<title>Feriad\u00e3o de 7 de setembro ter\u00e1 calor de at\u00e9 40\u00b0C e chuva isolada no Piau\u00ed; veja previs\u00e3o - Portal Not\u00edcia em Pauta<\/title>\n<meta name=\"robots\" content=\"index, follow, max-snippet:-1, max-image-preview:large, max-video-preview:-1\" \/>\n<link rel=\"canonical\" href=\"https:\/\/noticiaempauta.com\/portal\/feriadao-de-7-de-setembro-tera-calor-de-ate-40c-e-chuva-isolada-no-piaui-veja-previsao\/\" \/>\n<meta property=\"og:locale\" content=\"pt_BR\" \/>\n<meta property=\"og:type\" content=\"article\" \/>\n<meta property=\"og:title\" content=\"Feriad\u00e3o de 7 de setembro ter\u00e1 calor de at\u00e9 40\u00b0C e chuva isolada no Piau\u00ed; veja previs\u00e3o\" \/>\n<meta property=\"og:description\" content=\"O Piau\u00ed ter\u00e1\u00a0temperaturas elevadas e possibilidade de chuvas isoladas durante o feriad\u00e3o de 7 de Setembro, entre s\u00e1bado (5) e ter\u00e7a-feira (8). Em Teresina, o calor ser\u00e1 intenso, com m\u00e1xima de\u00a039\u00b0C no s\u00e1bado e no domingo, podendo chegar a\u00a040\u00b0C na segunda-feira (7), feriado da Independ\u00eancia. J\u00e1 no sul do estado, h\u00e1 previs\u00e3o de pancadas de [&hellip;]\" \/>\n<meta property=\"og:url\" content=\"https:\/\/noticiaempauta.com\/portal\/feriadao-de-7-de-setembro-tera-calor-de-ate-40c-e-chuva-isolada-no-piaui-veja-previsao\/\" \/>\n<meta property=\"og:site_name\" content=\"Portal Not\u00edcia em Pauta\" \/>\n<meta property=\"article:publisher\" content=\"https:\/\/www.facebook.com\/Portal-Notcia-Em-Pauta-102292869264820\/\" \/>\n<meta property=\"article:published_time\" content=\"2026-09-05T11:14:07+00:00\" \/>\n<meta property=\"article:modified_time\" content=\"2026-09-05T11:14:10+00:00\" \/>\n<meta property=\"og:image\" content=\"https:\/\/noticiaempauta.com\/portal\/wp-content\/uploads\/2026\/09\/tempo-nublado-em-teresina-d7474eabf0b74975.webp\" \/>\n\t<meta property=\"og:image:width\" content=\"785\" \/>\n\t<meta property=\"og:image:height\" content=\"435\" \/>\n\t<meta property=\"og:image:type\" content=\"image\/webp\" \/>\n<meta name=\"author\" content=\"Reda\u00e7\u00e3o\" \/>\n<meta name=\"twitter:card\" content=\"summary_large_image\" \/>\n<meta name=\"twitter:label1\" content=\"Escrito por\" \/>\n\t<meta name=\"twitter:data1\" content=\"Reda\u00e7\u00e3o\" \/>\n\t<meta name=\"twitter:label2\" content=\"Est. tempo de leitura\" \/>\n\t<meta name=\"twitter:data2\" content=\"3 minutos\" \/>\n<script type=\"application\/ld+json\" class=\"yoast-schema-graph\">{\"@context\":\"https:\/\/schema.org\",\"@graph\":[{\"@type\":\"Article\",\"@id\":\"https:\/\/noticiaempauta.com\/portal\/feriadao-de-7-de-setembro-tera-calor-de-ate-40c-e-chuva-isolada-no-piaui-veja-previsao\/#article\",\"isPartOf\":{\"@id\":\"https:\/\/noticiaempauta.com\/portal\/feriadao-de-7-de-setembro-tera-calor-de-ate-40c-e-chuva-isolada-no-piaui-veja-previsao\/\"},\"author\":{\"name\":\"Reda\u00e7\u00e3o\",\"@id\":\"https:\/\/noticiaempauta.com\/portal\/#\/schema\/person\/a74af43dd1ab3deca45f988c717d57ac\"},\"headline\":\"Feriad\u00e3o de 7 de setembro ter\u00e1 calor de at\u00e9 40\u00b0C e chuva isolada no Piau\u00ed; veja previs\u00e3o\",\"datePublished\":\"2026-09-05T11:14:07+00:00\",\"dateModified\":\"2026-09-05T11:14:10+00:00\",\"mainEntityOfPage\":{\"@id\":\"https:\/\/noticiaempauta.com\/portal\/feriadao-de-7-de-setembro-tera-calor-de-ate-40c-e-chuva-isolada-no-piaui-veja-previsao\/\"},\"wordCount\":543,\"publisher\":{\"@id\":\"https:\/\/noticiaempauta.com\/portal\/#organization\"},\"image\":{\"@id\":\"https:\/\/noticiaempauta.com\/portal\/feriadao-de-7-de-setembro-tera-calor-de-ate-40c-e-chuva-isolada-no-piaui-veja-previsao\/#primaryimage\"},\"thumbnailUrl\":\"https:\/\/noticiaempauta.com\/portal\/wp-content\/uploads\/2026\/09\/tempo-nublado-em-teresina-d7474eabf0b74975.webp\",\"keywords\":[\"destaqueprincipal\"],\"articleSection\":[\"Destaques\",\"Geral\",\"Munic\u00edpios\",\"Todas as Not\u00edcias\"],\"inLanguage\":\"pt-BR\"},{\"@type\":\"WebPage\",\"@id\":\"https:\/\/noticiaempauta.com\/portal\/feriadao-de-7-de-setembro-tera-calor-de-ate-40c-e-chuva-isolada-no-piaui-veja-previsao\/\",\"url\":\"https:\/\/noticiaempauta.com\/portal\/feriadao-de-7-de-setembro-tera-calor-de-ate-40c-e-chuva-isolada-no-piaui-veja-previsao\/\",\"name\":\"Feriad\u00e3o de 7 de setembro ter\u00e1 calor de at\u00e9 40\u00b0C e chuva isolada no Piau\u00ed; veja previs\u00e3o - Portal Not\u00edcia em Pauta\",\"isPartOf\":{\"@id\":\"https:\/\/noticiaempauta.com\/portal\/#website\"},\"primaryImageOfPage\":{\"@id\":\"https:\/\/noticiaempauta.com\/portal\/feriadao-de-7-de-setembro-tera-calor-de-ate-40c-e-chuva-isolada-no-piaui-veja-previsao\/#primaryimage\"},\"image\":{\"@id\":\"https:\/\/noticiaempauta.com\/portal\/feriadao-de-7-de-setembro-tera-calor-de-ate-40c-e-chuva-isolada-no-piaui-veja-previsao\/#primaryimage\"},\"thumbnailUrl\":\"https:\/\/noticiaempauta.com\/portal\/wp-content\/uploads\/2026\/09\/tempo-nublado-em-teresina-d7474eabf0b74975.webp\",\"datePublished\":\"2026-09-05T11:14:07+00:00\",\"dateModified\":\"2026-09-05T11:14:10+00:00\",\"breadcrumb\":{\"@id\":\"https:\/\/noticiaempauta.com\/portal\/feriadao-de-7-de-setembro-tera-calor-de-ate-40c-e-chuva-isolada-no-piaui-veja-previsao\/#breadcrumb\"},\"inLanguage\":\"pt-BR\",\"potentialAction\":[{\"@type\":\"ReadAction\",\"target\":[\"https:\/\/noticiaempauta.com\/portal\/feriadao-de-7-de-setembro-tera-calor-de-ate-40c-e-chuva-isolada-no-piaui-veja-previsao\/\"]}]},{\"@type\":\"ImageObject\",\"inLanguage\":\"pt-BR\",\"@id\":\"https:\/\/noticiaempauta.com\/portal\/feriadao-de-7-de-setembro-tera-calor-de-ate-40c-e-chuva-isolada-no-piaui-veja-previsao\/#primaryimage\",\"url\":\"https:\/\/noticiaempauta.com\/portal\/wp-content\/uploads\/2026\/09\/tempo-nublado-em-teresina-d7474eabf0b74975.webp\",\"contentUrl\":\"https:\/\/noticiaempauta.com\/portal\/wp-content\/uploads\/2026\/09\/tempo-nublado-em-teresina-d7474eabf0b74975.webp\",\"width\":785,\"height\":435},{\"@type\":\"BreadcrumbList\",\"@id\":\"https:\/\/noticiaempauta.com\/portal\/feriadao-de-7-de-setembro-tera-calor-de-ate-40c-e-chuva-isolada-no-piaui-veja-previsao\/#breadcrumb\",\"itemListElement\":[{\"@type\":\"ListItem\",\"position\":1,\"name\":\"P\u00e1gina Inicial\",\"item\":\"https:\/\/noticiaempauta.com\/portal\/\"},{\"@type\":\"ListItem\",\"position\":2,\"name\":\"Destaques\",\"item\":\"https:\/\/noticiaempauta.com\/portal\/destaques-site\/\"},{\"@type\":\"ListItem\",\"position\":3,\"name\":\"Feriad\u00e3o de 7 de setembro ter\u00e1 calor de at\u00e9 40\u00b0C e chuva isolada no Piau\u00ed; veja previs\u00e3o\"}]},{\"@type\":\"WebSite\",\"@id\":\"https:\/\/noticiaempauta.com\/portal\/#website\",\"url\":\"https:\/\/noticiaempauta.com\/portal\/\",\"name\":\"Portal Not\u00edcia em Pauta\",\"description\":\"Voc\u00ea bem informado\",\"publisher\":{\"@id\":\"https:\/\/noticiaempauta.com\/portal\/#organization\"},\"potentialAction\":[{\"@type\":\"SearchAction\",\"target\":{\"@type\":\"EntryPoint\",\"urlTemplate\":\"https:\/\/noticiaempauta.com\/portal\/?s={search_term_string}\"},\"query-input\":{\"@type\":\"PropertyValueSpecification\",\"valueRequired\":true,\"valueName\":\"search_term_string\"}}],\"inLanguage\":\"pt-BR\"},{\"@type\":\"Organization\",\"@id\":\"https:\/\/noticiaempauta.com\/portal\/#organization\",\"name\":\"Portal Not\u00edcia em Pauta\",\"url\":\"https:\/\/noticiaempauta.com\/portal\/\",\"logo\":{\"@type\":\"ImageObject\",\"inLanguage\":\"pt-BR\",\"@id\":\"https:\/\/noticiaempauta.com\/portal\/#\/schema\/logo\/image\/\",\"url\":\"https:\/\/noticiaempauta.com\/portal\/wp-content\/uploads\/2022\/08\/logomarca_tema.fw_.png\",\"contentUrl\":\"https:\/\/noticiaempauta.com\/portal\/wp-content\/uploads\/2022\/08\/logomarca_tema.fw_.png\",\"width\":400,\"height\":232,\"caption\":\"Portal Not\u00edcia em Pauta\"},\"image\":{\"@id\":\"https:\/\/noticiaempauta.com\/portal\/#\/schema\/logo\/image\/\"},\"sameAs\":[\"https:\/\/www.facebook.com\/Portal-Notcia-Em-Pauta-102292869264820\/\",\"https:\/\/www.instagram.com\/portalnoticiaempauta\/\"]},{\"@type\":\"Person\",\"@id\":\"https:\/\/noticiaempauta.com\/portal\/#\/schema\/person\/a74af43dd1ab3deca45f988c717d57ac\",\"name\":\"Reda\u00e7\u00e3o\",\"image\":{\"@type\":\"ImageObject\",\"inLanguage\":\"pt-BR\",\"@id\":\"https:\/\/noticiaempauta.com\/portal\/#\/schema\/person\/image\/\",\"url\":\"https:\/\/secure.gravatar.com\/avatar\/03179346ecce6cdfc13361603e8f54242a90e5cde8618fa23c5c00aa2b0aadf3?s=96&d=mm&r=g\",\"contentUrl\":\"https:\/\/secure.gravatar.com\/avatar\/03179346ecce6cdfc13361603e8f54242a90e5cde8618fa23c5c00aa2b0aadf3?s=96&d=mm&r=g\",\"caption\":\"Reda\u00e7\u00e3o\"},\"sameAs\":[\"https:\/\/noticiaempauta.com\/portal\/\"],\"url\":\"https:\/\/noticiaempauta.com\/portal\/author\/fernando\/\"}]}<\/script>\n<!-- \/ Yoast SEO Premium plugin. -->","yoast_head_json":{"title":"Feriad\u00e3o de 7 de setembro ter\u00e1 calor de at\u00e9 40\u00b0C e chuva isolada no Piau\u00ed; veja previs\u00e3o - Portal Not\u00edcia em Pauta","robots":{"index":"index","follow":"follow","max-snippet":"max-snippet:-1","max-image-preview":"max-image-preview:large","max-video-preview":"max-video-preview:-1"},"canonical":"https:\/\/noticiaempauta.com\/portal\/feriadao-de-7-de-setembro-tera-calor-de-ate-40c-e-chuva-isolada-no-piaui-veja-previsao\/","og_locale":"pt_BR","og_type":"article","og_title":"Feriad\u00e3o de 7 de setembro ter\u00e1 calor de at\u00e9 40\u00b0C e chuva isolada no Piau\u00ed; veja previs\u00e3o","og_description":"O Piau\u00ed ter\u00e1\u00a0temperaturas elevadas e possibilidade de chuvas isoladas durante o feriad\u00e3o de 7 de Setembro, entre s\u00e1bado (5) e ter\u00e7a-feira (8). Em Teresina, o calor ser\u00e1 intenso, com m\u00e1xima de\u00a039\u00b0C no s\u00e1bado e no domingo, podendo chegar a\u00a040\u00b0C na segunda-feira (7), feriado da Independ\u00eancia. J\u00e1 no sul do estado, h\u00e1 previs\u00e3o de pancadas de [&hellip;]","og_url":"https:\/\/noticiaempauta.com\/portal\/feriadao-de-7-de-setembro-tera-calor-de-ate-40c-e-chuva-isolada-no-piaui-veja-previsao\/","og_site_name":"Portal Not\u00edcia em Pauta","article_publisher":"https:\/\/www.facebook.com\/Portal-Notcia-Em-Pauta-102292869264820\/","article_published_time":"2026-09-05T11:14:07+00:00","article_modified_time":"2026-09-05T11:14:10+00:00","og_image":[{"width":785,"height":435,"url":"https:\/\/noticiaempauta.com\/portal\/wp-content\/uploads\/2026\/09\/tempo-nublado-em-teresina-d7474eabf0b74975.webp","type":"image\/webp"}],"author":"Reda\u00e7\u00e3o","twitter_card":"summary_large_image","twitter_misc":{"Escrito por":"Reda\u00e7\u00e3o","Est. tempo de leitura":"3 minutos"},"schema":{"@context":"https:\/\/schema.org","@graph":[{"@type":"Article","@id":"https:\/\/noticiaempauta.com\/portal\/feriadao-de-7-de-setembro-tera-calor-de-ate-40c-e-chuva-isolada-no-piaui-veja-previsao\/#article","isPartOf":{"@id":"https:\/\/noticiaempauta.com\/portal\/feriadao-de-7-de-setembro-tera-calor-de-ate-40c-e-chuva-isolada-no-piaui-veja-previsao\/"},"author":{"name":"Reda\u00e7\u00e3o","@id":"https:\/\/noticiaempauta.com\/portal\/#\/schema\/person\/a74af43dd1ab3deca45f988c717d57ac"},"headline":"Feriad\u00e3o de 7 de setembro ter\u00e1 calor de at\u00e9 40\u00b0C e chuva isolada no Piau\u00ed; veja previs\u00e3o","datePublished":"2026-09-05T11:14:07+00:00","dateModified":"2026-09-05T11:14:10+00:00","mainEntityOfPage":{"@id":"https:\/\/noticiaempauta.com\/portal\/feriadao-de-7-de-setembro-tera-calor-de-ate-40c-e-chuva-isolada-no-piaui-veja-previsao\/"},"wordCount":543,"publisher":{"@id":"https:\/\/noticiaempauta.com\/portal\/#organization"},"image":{"@id":"https:\/\/noticiaempauta.com\/portal\/feriadao-de-7-de-setembro-tera-calor-de-ate-40c-e-chuva-isolada-no-piaui-veja-previsao\/#primaryimage"},"thumbnailUrl":"https:\/\/noticiaempauta.com\/portal\/wp-content\/uploads\/2026\/09\/tempo-nublado-em-teresina-d7474eabf0b74975.webp","keywords":["destaqueprincipal"],"articleSection":["Destaques","Geral","Munic\u00edpios","Todas as Not\u00edcias"],"inLanguage":"pt-BR"},{"@type":"WebPage","@id":"https:\/\/noticiaempauta.com\/portal\/feriadao-de-7-de-setembro-tera-calor-de-ate-40c-e-chuva-isolada-no-piaui-veja-previsao\/","url":"https:\/\/noticiaempauta.com\/portal\/feriadao-de-7-de-setembro-tera-calor-de-ate-40c-e-chuva-isolada-no-piaui-veja-previsao\/","name":"Feriad\u00e3o de 7 de setembro ter\u00e1 calor de at\u00e9 40\u00b0C e chuva isolada no Piau\u00ed; veja previs\u00e3o - Portal Not\u00edcia em Pauta","isPartOf":{"@id":"https:\/\/noticiaempauta.com\/portal\/#website"},"primaryImageOfPage":{"@id":"https:\/\/noticiaempauta.com\/portal\/feriadao-de-7-de-setembro-tera-calor-de-ate-40c-e-chuva-isolada-no-piaui-veja-previsao\/#primaryimage"},"image":{"@id":"https:\/\/noticiaempauta.com\/portal\/feriadao-de-7-de-setembro-tera-calor-de-ate-40c-e-chuva-isolada-no-piaui-veja-previsao\/#primaryimage"},"thumbnailUrl":"https:\/\/noticiaempauta.com\/portal\/wp-content\/uploads\/2026\/09\/tempo-nublado-em-teresina-d7474eabf0b74975.webp","datePublished":"2026-09-05T11:14:07+00:00","dateModified":"2026-09-05T11:14:10+00:00","breadcrumb":{"@id":"https:\/\/noticiaempauta.com\/portal\/feriadao-de-7-de-setembro-tera-calor-de-ate-40c-e-chuva-isolada-no-piaui-veja-previsao\/#breadcrumb"},"inLanguage":"pt-BR","potentialAction":[{"@type":"ReadAction","target":["https:\/\/noticiaempauta.com\/portal\/feriadao-de-7-de-setembro-tera-calor-de-ate-40c-e-chuva-isolada-no-piaui-veja-previsao\/"]}]},{"@type":"ImageObject","inLanguage":"pt-BR","@id":"https:\/\/noticiaempauta.com\/portal\/feriadao-de-7-de-setembro-tera-calor-de-ate-40c-e-chuva-isolada-no-piaui-veja-previsao\/#primaryimage","url":"https:\/\/noticiaempauta.com\/portal\/wp-content\/uploads\/2026\/09\/tempo-nublado-em-teresina-d7474eabf0b74975.webp","contentUrl":"https:\/\/noticiaempauta.com\/portal\/wp-content\/uploads\/2026\/09\/tempo-nublado-em-teresina-d7474eabf0b74975.webp","width":785,"height":435},{"@type":"BreadcrumbList","@id":"https:\/\/noticiaempauta.com\/portal\/feriadao-de-7-de-setembro-tera-calor-de-ate-40c-e-chuva-isolada-no-piaui-veja-previsao\/#breadcrumb","itemListElement":[{"@type":"ListItem","position":1,"name":"P\u00e1gina Inicial","item":"https:\/\/noticiaempauta.com\/portal\/"},{"@type":"ListItem","position":2,"name":"Destaques","item":"https:\/\/noticiaempauta.com\/portal\/destaques-site\/"},{"@type":"ListItem","position":3,"name":"Feriad\u00e3o de 7 de setembro ter\u00e1 calor de at\u00e9 40\u00b0C e chuva isolada no Piau\u00ed; veja previs\u00e3o"}]},{"@type":"WebSite","@id":"https:\/\/noticiaempauta.com\/portal\/#website","url":"https:\/\/noticiaempauta.com\/portal\/","name":"Portal Not\u00edcia em Pauta","description":"Voc\u00ea bem informado","publisher":{"@id":"https:\/\/noticiaempauta.com\/portal\/#organization"},"potentialAction":[{"@type":"SearchAction","target":{"@type":"EntryPoint","urlTemplate":"https:\/\/noticiaempauta.com\/portal\/?s={search_term_string}"},"query-input":{"@type":"PropertyValueSpecification","valueRequired":true,"valueName":"search_term_string"}}],"inLanguage":"pt-BR"},{"@type":"Organization","@id":"https:\/\/noticiaempauta.com\/portal\/#organization","name":"Portal Not\u00edcia em Pauta","url":"https:\/\/noticiaempauta.com\/portal\/","logo":{"@type":"ImageObject","inLanguage":"pt-BR","@id":"https:\/\/noticiaempauta.com\/portal\/#\/schema\/logo\/image\/","url":"https:\/\/noticiaempauta.com\/portal\/wp-content\/uploads\/2022\/08\/logomarca_tema.fw_.png","contentUrl":"https:\/\/noticiaempauta.com\/portal\/wp-content\/uploads\/2022\/08\/logomarca_tema.fw_.png","width":400,"height":232,"caption":"Portal Not\u00edcia em Pauta"},"image":{"@id":"https:\/\/noticiaempauta.com\/portal\/#\/schema\/logo\/image\/"},"sameAs":["https:\/\/www.facebook.com\/Portal-Notcia-Em-Pauta-102292869264820\/","https:\/\/www.instagram.com\/portalnoticiaempauta\/"]},{"@type":"Person","@id":"https:\/\/noticiaempauta.com\/portal\/#\/schema\/person\/a74af43dd1ab3deca45f988c717d57ac","name":"Reda\u00e7\u00e3o","image":{"@type":"ImageObject","inLanguage":"pt-BR","@id":"https:\/\/noticiaempauta.com\/portal\/#\/schema\/person\/image\/","url":"https:\/\/secure.gravatar.com\/avatar\/03179346ecce6cdfc13361603e8f54242a90e5cde8618fa23c5c00aa2b0aadf3?s=96&d=mm&r=g","contentUrl":"https:\/\/secure.gravatar.com\/avatar\/03179346ecce6cdfc13361603e8f54242a90e5cde8618fa23c5c00aa2b0aadf3?s=96&d=mm&r=g","caption":"Reda\u00e7\u00e3o"},"sameAs":["https:\/\/noticiaempauta.com\/portal\/"],"url":"https:\/\/noticiaempauta.com\/portal\/author\/fernando\/"}]}},"_links":{"self":[{"href":"https:\/\/noticiaempauta.com\/portal\/wp-json\/wp\/v2\/posts\/294320","targetHints":{"allow":["GET"]}}],"collection":[{"href":"https:\/\/noticiaempauta.com\/portal\/wp-json\/wp\/v2\/posts"}],"about":[{"href":"https:\/\/noticiaempauta.com\/portal\/wp-json\/wp\/v2\/types\/post"}],"author":[{"embeddable":true,"href":"https:\/\/noticiaempauta.com\/portal\/wp-json\/wp\/v2\/users\/2"}],"replies":[{"embeddable":true,"href":"https:\/\/noticiaempauta.com\/portal\/wp-json\/wp\/v2\/comments?post=294320"}],"version-history":[{"count":2,"href":"https:\/\/noticiaempauta.com\/portal\/wp-json\/wp\/v2\/posts\/294320\/revisions"}],"predecessor-version":[{"id":294323,"href":"https:\/\/noticiaempauta.com\/portal\/wp-json\/wp\/v2\/posts\/294320\/revisions\/294323"}],"wp:featuredmedia":[{"embeddable":true,"href":"https:\/\/noticiaempauta.com\/portal\/wp-json\/wp\/v2\/media\/294321"}],"wp:attachment":[{"href":"https:\/\/noticiaempauta.com\/portal\/wp-json\/wp\/v2\/media?parent=294320"}],"wp:term":[{"taxonomy":"category","embeddable":true,"href":"https:\/\/noticiaempauta.com\/portal\/wp-json\/wp\/v2\/categories?post=294320"},{"taxonomy":"post_tag","embeddable":true,"href":"https:\/\/noticiaempauta.com\/portal\/wp-json\/wp\/v2\/tags?post=294320"}],"curies":[{"name":"wp","href":"https:\/\/api.w.org\/{rel}","templated":true}]}}