{"id":294324,"date":"2026-09-05T08:20:06","date_gmt":"2026-09-05T11:20:06","guid":{"rendered":"https:\/\/noticiaempauta.com\/portal\/?p=294324"},"modified":"2026-09-05T08:20:09","modified_gmt":"2026-09-05T11:20:09","slug":"selecoes-do-tre-pi-e-tjpi-abrem-vagas-de-estagio-veja-como-participar","status":"publish","type":"post","link":"https:\/\/noticiaempauta.com\/portal\/selecoes-do-tre-pi-e-tjpi-abrem-vagas-de-estagio-veja-como-participar\/","title":{"rendered":"Sele\u00e7\u00f5es do TRE-PI e TJPI abrem vagas de est\u00e1gio; veja como participar"},"content":{"rendered":"\n<p class=\"wp-block-paragraph\"><strong>Estudantes de gradua\u00e7\u00e3o<\/strong>\u00a0interessados em est\u00e1gio no Poder Judici\u00e1rio do Piau\u00ed ter\u00e3o duas sele\u00e7\u00f5es com inscri\u00e7\u00f5es abertas a partir desta segunda-feira (08). O\u00a0<strong>Tribunal Regional Eleitoral do Piau\u00ed (TRE-PI)\u00a0<\/strong>oferece quatro vagas imediatas e cadastro de reserva, enquanto o\u00a0<strong>Tribunal de Justi\u00e7a do Piau\u00ed (TJ-PI)\u00a0<\/strong>abriu sele\u00e7\u00e3o para forma\u00e7\u00e3o de cadastro de reserva.<\/p>\n\n\n\n<figure class=\"wp-block-image size-full\"><img fetchpriority=\"high\" decoding=\"async\" width=\"800\" height=\"459\" src=\"https:\/\/noticiaempauta.com\/portal\/wp-content\/uploads\/2026\/09\/1auV4m5TB0QDbeMMs9lTwdiEoMBhDGSddWHC2yZc.webp\" alt=\"\" class=\"wp-image-294325\" srcset=\"https:\/\/noticiaempauta.com\/portal\/wp-content\/uploads\/2026\/09\/1auV4m5TB0QDbeMMs9lTwdiEoMBhDGSddWHC2yZc.webp 800w, https:\/\/noticiaempauta.com\/portal\/wp-content\/uploads\/2026\/09\/1auV4m5TB0QDbeMMs9lTwdiEoMBhDGSddWHC2yZc-300x172.webp 300w, https:\/\/noticiaempauta.com\/portal\/wp-content\/uploads\/2026\/09\/1auV4m5TB0QDbeMMs9lTwdiEoMBhDGSddWHC2yZc-767x440.webp 767w\" sizes=\"(max-width: 800px) 100vw, 800px\" \/><figcaption class=\"wp-element-caption\"><em>(Foto: Reprodu\u00e7\u00e3o)<\/em><\/figcaption><\/figure>\n\n\n\n<h2 class=\"wp-block-heading\">TRE-PI<\/h2>\n\n\n\n<p class=\"wp-block-paragraph\">NO TRE-PI, as inscri\u00e7\u00f5es s\u00e3o gratuitas e seguem at\u00e9 17 de setembro. A sele\u00e7\u00e3o contempla estudantes de Direito, Inform\u00e1tica, Ci\u00eancias Cont\u00e1beis, Jornalismo, Administra\u00e7\u00e3o, Biblioteconomia e Estat\u00edstica.<\/p>\n\n\n\n<p class=\"wp-block-paragraph\">As oportunidades est\u00e3o distribu\u00eddas entre Teresina e munic\u00edpios do interior, incluindo Corrente, Picos, Piripiri, Bom Jesus, Parna\u00edba, Floriano e Lu\u00eds Correia. O edital prev\u00ea quatro vagas para preenchimento imediato, al\u00e9m da forma\u00e7\u00e3o de cadastro de reserva.<\/p>\n\n\n\n<p class=\"wp-block-paragraph\">Para participar, o estudante precisa comprovar \u00edndice de rendimento acad\u00eamico igual ou superior a 7. A sele\u00e7\u00e3o considera ainda o cumprimento da carga hor\u00e1ria prevista no curso. Os selecionados ter\u00e3o jornada de 20 horas semanais e receber\u00e3o bolsa mensal de R$ 1.575,00, al\u00e9m de aux\u00edlio-transporte de R$ 4 por dia.<\/p>\n\n\n\n<p class=\"wp-block-paragraph\">O cadastro para o est\u00e1gio do TRE-PI poder\u00e1 ser feito entre esta segunda-feira (08) e o dia 17 de setembro. No \u00faltimo dia, o formul\u00e1rio eletr\u00f4nico ficar\u00e1 dispon\u00edvel somente at\u00e9 as 14h.<\/p>\n\n\n\n<p class=\"wp-block-paragraph\">A sele\u00e7\u00e3o n\u00e3o prev\u00ea prova escrita. Conforme o edital, a classifica\u00e7\u00e3o considera o \u00edndice de rendimento acad\u00eamico apresentado pelos candidatos e os requisitos relacionados \u00e0 forma\u00e7\u00e3o. Os detalhes sobre documenta\u00e7\u00e3o e crit\u00e9rios devem ser consultados no edital do processo seletivo.<\/p>\n\n\n\n<h2 class=\"wp-block-heading\">TJ-PI<\/h2>\n\n\n\n<p class=\"wp-block-paragraph\">J\u00e1 o TJPI abriu sele\u00e7\u00e3o para forma\u00e7\u00e3o de cadastro de reserva em seu Programa de Est\u00e1gio de N\u00edvel Superior N\u00e3o Obrigat\u00f3rio. O processo contempla estudantes de Direito, Estat\u00edstica, Ci\u00eancia da Computa\u00e7\u00e3o, Psicologia, Servi\u00e7o Social, Administra\u00e7\u00e3o, Ci\u00eancias Cont\u00e1beis, Comunica\u00e7\u00e3o Social, Arquitetura, Biblioteconomia, Engenharia Civil, Engenharia El\u00e9trica e Log\u00edstica.<\/p>\n\n\n\n<p class=\"wp-block-paragraph\">As inscri\u00e7\u00f5es para a sele\u00e7\u00e3o do TJPI seguem at\u00e9 28 de setembro, exclusivamente pela internet, com taxa de R$ 50. O pedido de isen\u00e7\u00e3o poder\u00e1 ser feito entre 8 e 10 de setembro por candidatos que atendam aos crit\u00e9rios previstos no edital.<\/p>\n\n\n\n<p class=\"wp-block-paragraph\">A sele\u00e7\u00e3o ser\u00e1 realizada por meio de prova objetiva, marcada para 1\u00ba de novembro. O exame ter\u00e1 50 quest\u00f5es, sendo 10 de Conhecimentos Gerais e 40 de Conhecimentos Espec\u00edficos, com aplica\u00e7\u00e3o prevista em Teresina, Corrente, Floriano, Parna\u00edba, Picos, Piripiri e S\u00e3o Raimundo Nonato.<\/p>\n\n\n\n<p class=\"wp-block-paragraph\">Para assumir uma vaga no TJPI, o estudante dever\u00e1 estar dentro dos per\u00edodos exigidos para cada modalidade de curso. A jornada ser\u00e1 de cinco horas por dia, de segunda a sexta-feira, com bolsa equivalente a um sal\u00e1rio m\u00ednimo, aux\u00edlio-transporte e seguro contra acidentes pessoais.<\/p>\n\n\n\n<p class=\"wp-block-paragraph\">A sele\u00e7\u00e3o do TJPI tamb\u00e9m prev\u00ea reserva de 10% das vagas para pessoas com defici\u00eancia e 30% para candidatos autodeclarados negros. O resultado final est\u00e1 previsto para 18 de novembro, e a homologa\u00e7\u00e3o dever\u00e1 ocorrer em 25 de novembro de 2026.<\/p>\n\n\n\n<p class=\"wp-block-paragraph\">Fonte: Portal O DIA<\/p>\n","protected":false},"excerpt":{"rendered":"<p>Estudantes de gradua\u00e7\u00e3o\u00a0interessados em est\u00e1gio no Poder Judici\u00e1rio do Piau\u00ed ter\u00e3o duas sele\u00e7\u00f5es com inscri\u00e7\u00f5es abertas a partir desta segunda-feira (08). O\u00a0Tribunal Regional Eleitoral do Piau\u00ed (TRE-PI)\u00a0oferece quatro vagas imediatas e cadastro de reserva, enquanto o\u00a0Tribunal de Justi\u00e7a do Piau\u00ed (TJ-PI)\u00a0abriu sele\u00e7\u00e3o para forma\u00e7\u00e3o de cadastro de reserva. TRE-PI NO TRE-PI, as inscri\u00e7\u00f5es s\u00e3o gratuitas [&hellip;]<\/p>\n","protected":false},"author":2,"featured_media":294325,"comment_status":"closed","ping_status":"closed","sticky":false,"template":"","format":"standard","meta":{"_mi_skip_tracking":false,"footnotes":""},"categories":[25,1,16],"tags":[192],"class_list":["post-294324","post","type-post","status-publish","format-standard","has-post-thumbnail","hentry","category-destaques-site","category-geral","category-todas","tag-destaqueprincipal"],"acf":[],"yoast_head":"<!-- This site is optimized with the Yoast SEO Premium plugin v19.2 (Yoast SEO v26.9) - https:\/\/yoast.com\/product\/yoast-seo-premium-wordpress\/ -->\n<title>Sele\u00e7\u00f5es do TRE-PI e TJPI abrem vagas de est\u00e1gio; veja como participar - Portal Not\u00edcia em Pauta<\/title>\n<meta name=\"robots\" content=\"index, follow, max-snippet:-1, max-image-preview:large, max-video-preview:-1\" \/>\n<link rel=\"canonical\" href=\"https:\/\/noticiaempauta.com\/portal\/selecoes-do-tre-pi-e-tjpi-abrem-vagas-de-estagio-veja-como-participar\/\" \/>\n<meta property=\"og:locale\" content=\"pt_BR\" \/>\n<meta property=\"og:type\" content=\"article\" \/>\n<meta property=\"og:title\" content=\"Sele\u00e7\u00f5es do TRE-PI e TJPI abrem vagas de est\u00e1gio; veja como participar\" \/>\n<meta property=\"og:description\" content=\"Estudantes de gradua\u00e7\u00e3o\u00a0interessados em est\u00e1gio no Poder Judici\u00e1rio do Piau\u00ed ter\u00e3o duas sele\u00e7\u00f5es com inscri\u00e7\u00f5es abertas a partir desta segunda-feira (08). O\u00a0Tribunal Regional Eleitoral do Piau\u00ed (TRE-PI)\u00a0oferece quatro vagas imediatas e cadastro de reserva, enquanto o\u00a0Tribunal de Justi\u00e7a do Piau\u00ed (TJ-PI)\u00a0abriu sele\u00e7\u00e3o para forma\u00e7\u00e3o de cadastro de reserva. TRE-PI NO TRE-PI, as inscri\u00e7\u00f5es s\u00e3o gratuitas [&hellip;]\" \/>\n<meta property=\"og:url\" content=\"https:\/\/noticiaempauta.com\/portal\/selecoes-do-tre-pi-e-tjpi-abrem-vagas-de-estagio-veja-como-participar\/\" \/>\n<meta property=\"og:site_name\" content=\"Portal Not\u00edcia em Pauta\" \/>\n<meta property=\"article:publisher\" content=\"https:\/\/www.facebook.com\/Portal-Notcia-Em-Pauta-102292869264820\/\" \/>\n<meta property=\"article:published_time\" content=\"2026-09-05T11:20:06+00:00\" \/>\n<meta property=\"article:modified_time\" content=\"2026-09-05T11:20:09+00:00\" \/>\n<meta property=\"og:image\" content=\"https:\/\/noticiaempauta.com\/portal\/wp-content\/uploads\/2026\/09\/1auV4m5TB0QDbeMMs9lTwdiEoMBhDGSddWHC2yZc.webp\" \/>\n\t<meta property=\"og:image:width\" content=\"800\" \/>\n\t<meta property=\"og:image:height\" content=\"459\" \/>\n\t<meta property=\"og:image:type\" content=\"image\/webp\" \/>\n<meta name=\"author\" content=\"Reda\u00e7\u00e3o\" \/>\n<meta name=\"twitter:card\" content=\"summary_large_image\" \/>\n<meta name=\"twitter:label1\" content=\"Escrito por\" \/>\n\t<meta name=\"twitter:data1\" content=\"Reda\u00e7\u00e3o\" \/>\n\t<meta name=\"twitter:label2\" content=\"Est. tempo de leitura\" \/>\n\t<meta name=\"twitter:data2\" content=\"3 minutos\" \/>\n<script type=\"application\/ld+json\" class=\"yoast-schema-graph\">{\"@context\":\"https:\/\/schema.org\",\"@graph\":[{\"@type\":\"Article\",\"@id\":\"https:\/\/noticiaempauta.com\/portal\/selecoes-do-tre-pi-e-tjpi-abrem-vagas-de-estagio-veja-como-participar\/#article\",\"isPartOf\":{\"@id\":\"https:\/\/noticiaempauta.com\/portal\/selecoes-do-tre-pi-e-tjpi-abrem-vagas-de-estagio-veja-como-participar\/\"},\"author\":{\"name\":\"Reda\u00e7\u00e3o\",\"@id\":\"https:\/\/noticiaempauta.com\/portal\/#\/schema\/person\/a74af43dd1ab3deca45f988c717d57ac\"},\"headline\":\"Sele\u00e7\u00f5es do TRE-PI e TJPI abrem vagas de est\u00e1gio; veja como participar\",\"datePublished\":\"2026-09-05T11:20:06+00:00\",\"dateModified\":\"2026-09-05T11:20:09+00:00\",\"mainEntityOfPage\":{\"@id\":\"https:\/\/noticiaempauta.com\/portal\/selecoes-do-tre-pi-e-tjpi-abrem-vagas-de-estagio-veja-como-participar\/\"},\"wordCount\":531,\"publisher\":{\"@id\":\"https:\/\/noticiaempauta.com\/portal\/#organization\"},\"image\":{\"@id\":\"https:\/\/noticiaempauta.com\/portal\/selecoes-do-tre-pi-e-tjpi-abrem-vagas-de-estagio-veja-como-participar\/#primaryimage\"},\"thumbnailUrl\":\"https:\/\/noticiaempauta.com\/portal\/wp-content\/uploads\/2026\/09\/1auV4m5TB0QDbeMMs9lTwdiEoMBhDGSddWHC2yZc.webp\",\"keywords\":[\"destaqueprincipal\"],\"articleSection\":[\"Destaques\",\"Geral\",\"Todas as Not\u00edcias\"],\"inLanguage\":\"pt-BR\"},{\"@type\":\"WebPage\",\"@id\":\"https:\/\/noticiaempauta.com\/portal\/selecoes-do-tre-pi-e-tjpi-abrem-vagas-de-estagio-veja-como-participar\/\",\"url\":\"https:\/\/noticiaempauta.com\/portal\/selecoes-do-tre-pi-e-tjpi-abrem-vagas-de-estagio-veja-como-participar\/\",\"name\":\"Sele\u00e7\u00f5es do TRE-PI e TJPI abrem vagas de est\u00e1gio; veja como participar - Portal Not\u00edcia em Pauta\",\"isPartOf\":{\"@id\":\"https:\/\/noticiaempauta.com\/portal\/#website\"},\"primaryImageOfPage\":{\"@id\":\"https:\/\/noticiaempauta.com\/portal\/selecoes-do-tre-pi-e-tjpi-abrem-vagas-de-estagio-veja-como-participar\/#primaryimage\"},\"image\":{\"@id\":\"https:\/\/noticiaempauta.com\/portal\/selecoes-do-tre-pi-e-tjpi-abrem-vagas-de-estagio-veja-como-participar\/#primaryimage\"},\"thumbnailUrl\":\"https:\/\/noticiaempauta.com\/portal\/wp-content\/uploads\/2026\/09\/1auV4m5TB0QDbeMMs9lTwdiEoMBhDGSddWHC2yZc.webp\",\"datePublished\":\"2026-09-05T11:20:06+00:00\",\"dateModified\":\"2026-09-05T11:20:09+00:00\",\"breadcrumb\":{\"@id\":\"https:\/\/noticiaempauta.com\/portal\/selecoes-do-tre-pi-e-tjpi-abrem-vagas-de-estagio-veja-como-participar\/#breadcrumb\"},\"inLanguage\":\"pt-BR\",\"potentialAction\":[{\"@type\":\"ReadAction\",\"target\":[\"https:\/\/noticiaempauta.com\/portal\/selecoes-do-tre-pi-e-tjpi-abrem-vagas-de-estagio-veja-como-participar\/\"]}]},{\"@type\":\"ImageObject\",\"inLanguage\":\"pt-BR\",\"@id\":\"https:\/\/noticiaempauta.com\/portal\/selecoes-do-tre-pi-e-tjpi-abrem-vagas-de-estagio-veja-como-participar\/#primaryimage\",\"url\":\"https:\/\/noticiaempauta.com\/portal\/wp-content\/uploads\/2026\/09\/1auV4m5TB0QDbeMMs9lTwdiEoMBhDGSddWHC2yZc.webp\",\"contentUrl\":\"https:\/\/noticiaempauta.com\/portal\/wp-content\/uploads\/2026\/09\/1auV4m5TB0QDbeMMs9lTwdiEoMBhDGSddWHC2yZc.webp\",\"width\":800,\"height\":459},{\"@type\":\"BreadcrumbList\",\"@id\":\"https:\/\/noticiaempauta.com\/portal\/selecoes-do-tre-pi-e-tjpi-abrem-vagas-de-estagio-veja-como-participar\/#breadcrumb\",\"itemListElement\":[{\"@type\":\"ListItem\",\"position\":1,\"name\":\"P\u00e1gina Inicial\",\"item\":\"https:\/\/noticiaempauta.com\/portal\/\"},{\"@type\":\"ListItem\",\"position\":2,\"name\":\"Destaques\",\"item\":\"https:\/\/noticiaempauta.com\/portal\/destaques-site\/\"},{\"@type\":\"ListItem\",\"position\":3,\"name\":\"Sele\u00e7\u00f5es do TRE-PI e TJPI abrem vagas de est\u00e1gio; veja como participar\"}]},{\"@type\":\"WebSite\",\"@id\":\"https:\/\/noticiaempauta.com\/portal\/#website\",\"url\":\"https:\/\/noticiaempauta.com\/portal\/\",\"name\":\"Portal Not\u00edcia em Pauta\",\"description\":\"Voc\u00ea bem informado\",\"publisher\":{\"@id\":\"https:\/\/noticiaempauta.com\/portal\/#organization\"},\"potentialAction\":[{\"@type\":\"SearchAction\",\"target\":{\"@type\":\"EntryPoint\",\"urlTemplate\":\"https:\/\/noticiaempauta.com\/portal\/?s={search_term_string}\"},\"query-input\":{\"@type\":\"PropertyValueSpecification\",\"valueRequired\":true,\"valueName\":\"search_term_string\"}}],\"inLanguage\":\"pt-BR\"},{\"@type\":\"Organization\",\"@id\":\"https:\/\/noticiaempauta.com\/portal\/#organization\",\"name\":\"Portal Not\u00edcia em Pauta\",\"url\":\"https:\/\/noticiaempauta.com\/portal\/\",\"logo\":{\"@type\":\"ImageObject\",\"inLanguage\":\"pt-BR\",\"@id\":\"https:\/\/noticiaempauta.com\/portal\/#\/schema\/logo\/image\/\",\"url\":\"https:\/\/noticiaempauta.com\/portal\/wp-content\/uploads\/2022\/08\/logomarca_tema.fw_.png\",\"contentUrl\":\"https:\/\/noticiaempauta.com\/portal\/wp-content\/uploads\/2022\/08\/logomarca_tema.fw_.png\",\"width\":400,\"height\":232,\"caption\":\"Portal Not\u00edcia em Pauta\"},\"image\":{\"@id\":\"https:\/\/noticiaempauta.com\/portal\/#\/schema\/logo\/image\/\"},\"sameAs\":[\"https:\/\/www.facebook.com\/Portal-Notcia-Em-Pauta-102292869264820\/\",\"https:\/\/www.instagram.com\/portalnoticiaempauta\/\"]},{\"@type\":\"Person\",\"@id\":\"https:\/\/noticiaempauta.com\/portal\/#\/schema\/person\/a74af43dd1ab3deca45f988c717d57ac\",\"name\":\"Reda\u00e7\u00e3o\",\"image\":{\"@type\":\"ImageObject\",\"inLanguage\":\"pt-BR\",\"@id\":\"https:\/\/noticiaempauta.com\/portal\/#\/schema\/person\/image\/\",\"url\":\"https:\/\/secure.gravatar.com\/avatar\/03179346ecce6cdfc13361603e8f54242a90e5cde8618fa23c5c00aa2b0aadf3?s=96&d=mm&r=g\",\"contentUrl\":\"https:\/\/secure.gravatar.com\/avatar\/03179346ecce6cdfc13361603e8f54242a90e5cde8618fa23c5c00aa2b0aadf3?s=96&d=mm&r=g\",\"caption\":\"Reda\u00e7\u00e3o\"},\"sameAs\":[\"https:\/\/noticiaempauta.com\/portal\/\"],\"url\":\"https:\/\/noticiaempauta.com\/portal\/author\/fernando\/\"}]}<\/script>\n<!-- \/ Yoast SEO Premium plugin. -->","yoast_head_json":{"title":"Sele\u00e7\u00f5es do TRE-PI e TJPI abrem vagas de est\u00e1gio; veja como participar - Portal Not\u00edcia em Pauta","robots":{"index":"index","follow":"follow","max-snippet":"max-snippet:-1","max-image-preview":"max-image-preview:large","max-video-preview":"max-video-preview:-1"},"canonical":"https:\/\/noticiaempauta.com\/portal\/selecoes-do-tre-pi-e-tjpi-abrem-vagas-de-estagio-veja-como-participar\/","og_locale":"pt_BR","og_type":"article","og_title":"Sele\u00e7\u00f5es do TRE-PI e TJPI abrem vagas de est\u00e1gio; veja como participar","og_description":"Estudantes de gradua\u00e7\u00e3o\u00a0interessados em est\u00e1gio no Poder Judici\u00e1rio do Piau\u00ed ter\u00e3o duas sele\u00e7\u00f5es com inscri\u00e7\u00f5es abertas a partir desta segunda-feira (08). O\u00a0Tribunal Regional Eleitoral do Piau\u00ed (TRE-PI)\u00a0oferece quatro vagas imediatas e cadastro de reserva, enquanto o\u00a0Tribunal de Justi\u00e7a do Piau\u00ed (TJ-PI)\u00a0abriu sele\u00e7\u00e3o para forma\u00e7\u00e3o de cadastro de reserva. TRE-PI NO TRE-PI, as inscri\u00e7\u00f5es s\u00e3o gratuitas [&hellip;]","og_url":"https:\/\/noticiaempauta.com\/portal\/selecoes-do-tre-pi-e-tjpi-abrem-vagas-de-estagio-veja-como-participar\/","og_site_name":"Portal Not\u00edcia em Pauta","article_publisher":"https:\/\/www.facebook.com\/Portal-Notcia-Em-Pauta-102292869264820\/","article_published_time":"2026-09-05T11:20:06+00:00","article_modified_time":"2026-09-05T11:20:09+00:00","og_image":[{"width":800,"height":459,"url":"https:\/\/noticiaempauta.com\/portal\/wp-content\/uploads\/2026\/09\/1auV4m5TB0QDbeMMs9lTwdiEoMBhDGSddWHC2yZc.webp","type":"image\/webp"}],"author":"Reda\u00e7\u00e3o","twitter_card":"summary_large_image","twitter_misc":{"Escrito por":"Reda\u00e7\u00e3o","Est. tempo de leitura":"3 minutos"},"schema":{"@context":"https:\/\/schema.org","@graph":[{"@type":"Article","@id":"https:\/\/noticiaempauta.com\/portal\/selecoes-do-tre-pi-e-tjpi-abrem-vagas-de-estagio-veja-como-participar\/#article","isPartOf":{"@id":"https:\/\/noticiaempauta.com\/portal\/selecoes-do-tre-pi-e-tjpi-abrem-vagas-de-estagio-veja-como-participar\/"},"author":{"name":"Reda\u00e7\u00e3o","@id":"https:\/\/noticiaempauta.com\/portal\/#\/schema\/person\/a74af43dd1ab3deca45f988c717d57ac"},"headline":"Sele\u00e7\u00f5es do TRE-PI e TJPI abrem vagas de est\u00e1gio; veja como participar","datePublished":"2026-09-05T11:20:06+00:00","dateModified":"2026-09-05T11:20:09+00:00","mainEntityOfPage":{"@id":"https:\/\/noticiaempauta.com\/portal\/selecoes-do-tre-pi-e-tjpi-abrem-vagas-de-estagio-veja-como-participar\/"},"wordCount":531,"publisher":{"@id":"https:\/\/noticiaempauta.com\/portal\/#organization"},"image":{"@id":"https:\/\/noticiaempauta.com\/portal\/selecoes-do-tre-pi-e-tjpi-abrem-vagas-de-estagio-veja-como-participar\/#primaryimage"},"thumbnailUrl":"https:\/\/noticiaempauta.com\/portal\/wp-content\/uploads\/2026\/09\/1auV4m5TB0QDbeMMs9lTwdiEoMBhDGSddWHC2yZc.webp","keywords":["destaqueprincipal"],"articleSection":["Destaques","Geral","Todas as Not\u00edcias"],"inLanguage":"pt-BR"},{"@type":"WebPage","@id":"https:\/\/noticiaempauta.com\/portal\/selecoes-do-tre-pi-e-tjpi-abrem-vagas-de-estagio-veja-como-participar\/","url":"https:\/\/noticiaempauta.com\/portal\/selecoes-do-tre-pi-e-tjpi-abrem-vagas-de-estagio-veja-como-participar\/","name":"Sele\u00e7\u00f5es do TRE-PI e TJPI abrem vagas de est\u00e1gio; veja como participar - Portal Not\u00edcia em Pauta","isPartOf":{"@id":"https:\/\/noticiaempauta.com\/portal\/#website"},"primaryImageOfPage":{"@id":"https:\/\/noticiaempauta.com\/portal\/selecoes-do-tre-pi-e-tjpi-abrem-vagas-de-estagio-veja-como-participar\/#primaryimage"},"image":{"@id":"https:\/\/noticiaempauta.com\/portal\/selecoes-do-tre-pi-e-tjpi-abrem-vagas-de-estagio-veja-como-participar\/#primaryimage"},"thumbnailUrl":"https:\/\/noticiaempauta.com\/portal\/wp-content\/uploads\/2026\/09\/1auV4m5TB0QDbeMMs9lTwdiEoMBhDGSddWHC2yZc.webp","datePublished":"2026-09-05T11:20:06+00:00","dateModified":"2026-09-05T11:20:09+00:00","breadcrumb":{"@id":"https:\/\/noticiaempauta.com\/portal\/selecoes-do-tre-pi-e-tjpi-abrem-vagas-de-estagio-veja-como-participar\/#breadcrumb"},"inLanguage":"pt-BR","potentialAction":[{"@type":"ReadAction","target":["https:\/\/noticiaempauta.com\/portal\/selecoes-do-tre-pi-e-tjpi-abrem-vagas-de-estagio-veja-como-participar\/"]}]},{"@type":"ImageObject","inLanguage":"pt-BR","@id":"https:\/\/noticiaempauta.com\/portal\/selecoes-do-tre-pi-e-tjpi-abrem-vagas-de-estagio-veja-como-participar\/#primaryimage","url":"https:\/\/noticiaempauta.com\/portal\/wp-content\/uploads\/2026\/09\/1auV4m5TB0QDbeMMs9lTwdiEoMBhDGSddWHC2yZc.webp","contentUrl":"https:\/\/noticiaempauta.com\/portal\/wp-content\/uploads\/2026\/09\/1auV4m5TB0QDbeMMs9lTwdiEoMBhDGSddWHC2yZc.webp","width":800,"height":459},{"@type":"BreadcrumbList","@id":"https:\/\/noticiaempauta.com\/portal\/selecoes-do-tre-pi-e-tjpi-abrem-vagas-de-estagio-veja-como-participar\/#breadcrumb","itemListElement":[{"@type":"ListItem","position":1,"name":"P\u00e1gina Inicial","item":"https:\/\/noticiaempauta.com\/portal\/"},{"@type":"ListItem","position":2,"name":"Destaques","item":"https:\/\/noticiaempauta.com\/portal\/destaques-site\/"},{"@type":"ListItem","position":3,"name":"Sele\u00e7\u00f5es do TRE-PI e TJPI abrem vagas de est\u00e1gio; veja como participar"}]},{"@type":"WebSite","@id":"https:\/\/noticiaempauta.com\/portal\/#website","url":"https:\/\/noticiaempauta.com\/portal\/","name":"Portal Not\u00edcia em Pauta","description":"Voc\u00ea bem informado","publisher":{"@id":"https:\/\/noticiaempauta.com\/portal\/#organization"},"potentialAction":[{"@type":"SearchAction","target":{"@type":"EntryPoint","urlTemplate":"https:\/\/noticiaempauta.com\/portal\/?s={search_term_string}"},"query-input":{"@type":"PropertyValueSpecification","valueRequired":true,"valueName":"search_term_string"}}],"inLanguage":"pt-BR"},{"@type":"Organization","@id":"https:\/\/noticiaempauta.com\/portal\/#organization","name":"Portal Not\u00edcia em Pauta","url":"https:\/\/noticiaempauta.com\/portal\/","logo":{"@type":"ImageObject","inLanguage":"pt-BR","@id":"https:\/\/noticiaempauta.com\/portal\/#\/schema\/logo\/image\/","url":"https:\/\/noticiaempauta.com\/portal\/wp-content\/uploads\/2022\/08\/logomarca_tema.fw_.png","contentUrl":"https:\/\/noticiaempauta.com\/portal\/wp-content\/uploads\/2022\/08\/logomarca_tema.fw_.png","width":400,"height":232,"caption":"Portal Not\u00edcia em Pauta"},"image":{"@id":"https:\/\/noticiaempauta.com\/portal\/#\/schema\/logo\/image\/"},"sameAs":["https:\/\/www.facebook.com\/Portal-Notcia-Em-Pauta-102292869264820\/","https:\/\/www.instagram.com\/portalnoticiaempauta\/"]},{"@type":"Person","@id":"https:\/\/noticiaempauta.com\/portal\/#\/schema\/person\/a74af43dd1ab3deca45f988c717d57ac","name":"Reda\u00e7\u00e3o","image":{"@type":"ImageObject","inLanguage":"pt-BR","@id":"https:\/\/noticiaempauta.com\/portal\/#\/schema\/person\/image\/","url":"https:\/\/secure.gravatar.com\/avatar\/03179346ecce6cdfc13361603e8f54242a90e5cde8618fa23c5c00aa2b0aadf3?s=96&d=mm&r=g","contentUrl":"https:\/\/secure.gravatar.com\/avatar\/03179346ecce6cdfc13361603e8f54242a90e5cde8618fa23c5c00aa2b0aadf3?s=96&d=mm&r=g","caption":"Reda\u00e7\u00e3o"},"sameAs":["https:\/\/noticiaempauta.com\/portal\/"],"url":"https:\/\/noticiaempauta.com\/portal\/author\/fernando\/"}]}},"_links":{"self":[{"href":"https:\/\/noticiaempauta.com\/portal\/wp-json\/wp\/v2\/posts\/294324","targetHints":{"allow":["GET"]}}],"collection":[{"href":"https:\/\/noticiaempauta.com\/portal\/wp-json\/wp\/v2\/posts"}],"about":[{"href":"https:\/\/noticiaempauta.com\/portal\/wp-json\/wp\/v2\/types\/post"}],"author":[{"embeddable":true,"href":"https:\/\/noticiaempauta.com\/portal\/wp-json\/wp\/v2\/users\/2"}],"replies":[{"embeddable":true,"href":"https:\/\/noticiaempauta.com\/portal\/wp-json\/wp\/v2\/comments?post=294324"}],"version-history":[{"count":2,"href":"https:\/\/noticiaempauta.com\/portal\/wp-json\/wp\/v2\/posts\/294324\/revisions"}],"predecessor-version":[{"id":294327,"href":"https:\/\/noticiaempauta.com\/portal\/wp-json\/wp\/v2\/posts\/294324\/revisions\/294327"}],"wp:featuredmedia":[{"embeddable":true,"href":"https:\/\/noticiaempauta.com\/portal\/wp-json\/wp\/v2\/media\/294325"}],"wp:attachment":[{"href":"https:\/\/noticiaempauta.com\/portal\/wp-json\/wp\/v2\/media?parent=294324"}],"wp:term":[{"taxonomy":"category","embeddable":true,"href":"https:\/\/noticiaempauta.com\/portal\/wp-json\/wp\/v2\/categories?post=294324"},{"taxonomy":"post_tag","embeddable":true,"href":"https:\/\/noticiaempauta.com\/portal\/wp-json\/wp\/v2\/tags?post=294324"}],"curies":[{"name":"wp","href":"https:\/\/api.w.org\/{rel}","templated":true}]}}