{"id":294335,"date":"2026-09-05T09:21:08","date_gmt":"2026-09-05T12:21:08","guid":{"rendered":"https:\/\/noticiaempauta.com\/portal\/?p=294335"},"modified":"2026-09-05T09:21:10","modified_gmt":"2026-09-05T12:21:10","slug":"anyara-santos-recebe-apoio-de-rafael-fonteles-em-grande-ato-politico-em-picos","status":"publish","type":"post","link":"https:\/\/noticiaempauta.com\/portal\/anyara-santos-recebe-apoio-de-rafael-fonteles-em-grande-ato-politico-em-picos\/","title":{"rendered":"Anyara Santos recebe apoio de Rafael Fonteles em grande ato pol\u00edtico em Picos"},"content":{"rendered":"\n<p class=\"wp-block-paragraph\">Cerca de 10 mil pessoas participaram do ato pol\u00edtico do Time do Povo, em Picos, que reuniu moradores do munic\u00edpio e de cidades da regi\u00e3o, na noite desta sexta-feira (4). Entre os nomes presentes esteve Anyara Santos, candidata a deputada estadual pelo MDB, que participou da mobiliza\u00e7\u00e3o ao lado do prefeito Pablo Santos e recebeu o apoio do governador e candidato \u00e0 reelei\u00e7\u00e3o pelo PT, Rafael Fonteles.<\/p>\n\n\n\n<figure class=\"wp-block-image size-large\"><img fetchpriority=\"high\" decoding=\"async\" width=\"1024\" height=\"683\" src=\"https:\/\/noticiaempauta.com\/portal\/wp-content\/uploads\/2026\/09\/WhatsApp-Image-2026-09-05-at-09.11.55-1024x683.webp\" alt=\"\" class=\"wp-image-294336\" srcset=\"https:\/\/noticiaempauta.com\/portal\/wp-content\/uploads\/2026\/09\/WhatsApp-Image-2026-09-05-at-09.11.55-1024x683.webp 1024w, https:\/\/noticiaempauta.com\/portal\/wp-content\/uploads\/2026\/09\/WhatsApp-Image-2026-09-05-at-09.11.55-300x200.webp 300w, https:\/\/noticiaempauta.com\/portal\/wp-content\/uploads\/2026\/09\/WhatsApp-Image-2026-09-05-at-09.11.55-768x512.webp 768w, https:\/\/noticiaempauta.com\/portal\/wp-content\/uploads\/2026\/09\/WhatsApp-Image-2026-09-05-at-09.11.55.webp 1280w\" sizes=\"(max-width: 1024px) 100vw, 1024px\" \/><\/figure>\n\n\n\n<p class=\"wp-block-paragraph\">Durante o evento, Rafael Fonteles refor\u00e7ou a candidatura de Anyara Santos e destacou a import\u00e2ncia de contar com mais uma representante de Picos na Assembleia Legislativa. O governador apresentou a candidata como uma mulher que poder\u00e1 trabalhar pelas demandas do munic\u00edpio e da regi\u00e3o, caso seja eleita.<\/p>\n\n\n\n<figure class=\"wp-block-image size-large\"><img decoding=\"async\" width=\"1024\" height=\"683\" src=\"https:\/\/noticiaempauta.com\/portal\/wp-content\/uploads\/2026\/09\/WhatsApp-Image-2026-09-05-at-09.11.55-1-1024x683.webp\" alt=\"\" class=\"wp-image-294337\" srcset=\"https:\/\/noticiaempauta.com\/portal\/wp-content\/uploads\/2026\/09\/WhatsApp-Image-2026-09-05-at-09.11.55-1-1024x683.webp 1024w, https:\/\/noticiaempauta.com\/portal\/wp-content\/uploads\/2026\/09\/WhatsApp-Image-2026-09-05-at-09.11.55-1-300x200.webp 300w, https:\/\/noticiaempauta.com\/portal\/wp-content\/uploads\/2026\/09\/WhatsApp-Image-2026-09-05-at-09.11.55-1-767x512.webp 767w, https:\/\/noticiaempauta.com\/portal\/wp-content\/uploads\/2026\/09\/WhatsApp-Image-2026-09-05-at-09.11.55-1.webp 1280w\" sizes=\"(max-width: 1024px) 100vw, 1024px\" \/><\/figure>\n\n\n\n<p class=\"wp-block-paragraph\">Anyara Santos afirmou que sua candidatura nasce com o compromisso de atuar pelo desenvolvimento de Picos e de outras regi\u00f5es do estado. \u201cEstar aqui ao lado do nosso prefeito, Pablo Santos, recebendo o nosso governador Rafael Fonteles e tantas lideran\u00e7as, refor\u00e7a que temos um \u00fanico objetivo, trabalhar pelo bem-estar e pelo crescimento do nosso munic\u00edpio e de todo o Piau\u00ed. O que voc\u00eas podem esperar dessa candidata \u00e9 uma mulher que trabalha, se empenha e se dedica para realmente ver a transforma\u00e7\u00e3o acontecer\u201d, declarou a candidata.<\/p>\n\n\n\n<figure class=\"wp-block-image size-large\"><img decoding=\"async\" width=\"1024\" height=\"576\" src=\"https:\/\/noticiaempauta.com\/portal\/wp-content\/uploads\/2026\/09\/WhatsApp-Image-2026-09-05-at-09.11.55-3-1024x576.webp\" alt=\"\" class=\"wp-image-294338\" srcset=\"https:\/\/noticiaempauta.com\/portal\/wp-content\/uploads\/2026\/09\/WhatsApp-Image-2026-09-05-at-09.11.55-3-1024x576.webp 1024w, https:\/\/noticiaempauta.com\/portal\/wp-content\/uploads\/2026\/09\/WhatsApp-Image-2026-09-05-at-09.11.55-3-300x169.webp 300w, https:\/\/noticiaempauta.com\/portal\/wp-content\/uploads\/2026\/09\/WhatsApp-Image-2026-09-05-at-09.11.55-3-768x432.webp 768w, https:\/\/noticiaempauta.com\/portal\/wp-content\/uploads\/2026\/09\/WhatsApp-Image-2026-09-05-at-09.11.55-3.webp 1280w\" sizes=\"(max-width: 1024px) 100vw, 1024px\" \/><\/figure>\n\n\n\n<p class=\"wp-block-paragraph\">Anyara vem apresentando sua candidatura com propostas voltadas a \u00e1reas como pol\u00edticas para mulheres, sa\u00fade mental e primeira inf\u00e2ncia.<\/p>\n\n\n\n<p class=\"wp-block-paragraph\">Em seu discurso, Rafael Fonteles citou os investimentos realizados em Picos e para a economia, apresentou metas como a gera\u00e7\u00e3o de 100 mil oportunidades de trabalho e emprego e o aumento de pelo menos 50% da renda m\u00e9dia das fam\u00edlias, al\u00e9m da amplia\u00e7\u00e3o do cr\u00e9dito produtivo.<\/p>\n\n\n\n<p class=\"wp-block-paragraph\">\u201cPicos recebeu o maior volume de investimentos da sua hist\u00f3ria, na sa\u00fade p\u00fablica, na educa\u00e7\u00e3o de tempo integral, na pavimenta\u00e7\u00e3o, nas rodovias, na seguran\u00e7a p\u00fablica e queremos cada vez mais fortalecer a renda das fam\u00edlias com o Pacto pela Economia e, sobretudo, com as cadeias produtivas que envolvem o maior n\u00famero de fam\u00edlias, o mel, o caju, a ovino-caprinocultura, o com\u00e9rcio em geral, o setor de servi\u00e7os, o setor de tecnologia\u201d, disse o governador.<\/p>\n\n\n\n<figure class=\"wp-block-image size-large\"><img loading=\"lazy\" decoding=\"async\" width=\"1024\" height=\"576\" src=\"https:\/\/noticiaempauta.com\/portal\/wp-content\/uploads\/2026\/09\/WhatsApp-Image-2026-09-05-at-09.11.55-2-1024x576.webp\" alt=\"\" class=\"wp-image-294339\" srcset=\"https:\/\/noticiaempauta.com\/portal\/wp-content\/uploads\/2026\/09\/WhatsApp-Image-2026-09-05-at-09.11.55-2-1024x576.webp 1024w, https:\/\/noticiaempauta.com\/portal\/wp-content\/uploads\/2026\/09\/WhatsApp-Image-2026-09-05-at-09.11.55-2-300x169.webp 300w, https:\/\/noticiaempauta.com\/portal\/wp-content\/uploads\/2026\/09\/WhatsApp-Image-2026-09-05-at-09.11.55-2-768x432.webp 768w, https:\/\/noticiaempauta.com\/portal\/wp-content\/uploads\/2026\/09\/WhatsApp-Image-2026-09-05-at-09.11.55-2.webp 1280w\" sizes=\"(max-width: 1024px) 100vw, 1024px\" \/><\/figure>\n\n\n\n<p class=\"wp-block-paragraph\">A mobiliza\u00e7\u00e3o tamb\u00e9m contou com a participa\u00e7\u00e3o do prefeito Pablo Santos, que ressaltou a parceria entre a gest\u00e3o municipal e o Governo do Estado. \u201cEssa parceria \u00e9 muito importante n\u00e3o s\u00f3 para Picos, mas para toda a regi\u00e3o. Muitas obras impactantes t\u00eam acontecido na vida da popula\u00e7\u00e3o. Isso transforma significativamente o dia a dia das pessoas. E \u00e9 por isso que essa parceria veio para ficar\u201d, pontuou o gestor.<\/p>\n\n\n\n<p class=\"wp-block-paragraph\">O ato pol\u00edtico contou ainda com a presen\u00e7a de lideran\u00e7as e autoridades pol\u00edticas, entre elas o ministro Wellington Dias, candidatos ao Senado, candidatos a deputado estadual e federal, como Jadyel Alencar e prefeitos da regi\u00e3o.<\/p>\n","protected":false},"excerpt":{"rendered":"<p>Cerca de 10 mil pessoas participaram do ato pol\u00edtico do Time do Povo, em Picos, que reuniu moradores do munic\u00edpio e de cidades da regi\u00e3o, na noite desta sexta-feira (4). Entre os nomes presentes esteve Anyara Santos, candidata a deputada estadual pelo MDB, que participou da mobiliza\u00e7\u00e3o ao lado do prefeito Pablo Santos e recebeu [&hellip;]<\/p>\n","protected":false},"author":2,"featured_media":294336,"comment_status":"closed","ping_status":"closed","sticky":false,"template":"","format":"standard","meta":{"_mi_skip_tracking":false,"footnotes":""},"categories":[25,1,3,16],"tags":[],"class_list":["post-294335","post","type-post","status-publish","format-standard","has-post-thumbnail","hentry","category-destaques-site","category-geral","category-politica","category-todas"],"acf":[],"yoast_head":"<!-- This site is optimized with the Yoast SEO Premium plugin v19.2 (Yoast SEO v26.9) - https:\/\/yoast.com\/product\/yoast-seo-premium-wordpress\/ -->\n<title>Anyara Santos recebe apoio de Rafael Fonteles em grande ato pol\u00edtico em Picos - Portal Not\u00edcia em Pauta<\/title>\n<meta name=\"robots\" content=\"index, follow, max-snippet:-1, max-image-preview:large, max-video-preview:-1\" \/>\n<link rel=\"canonical\" href=\"https:\/\/noticiaempauta.com\/portal\/anyara-santos-recebe-apoio-de-rafael-fonteles-em-grande-ato-politico-em-picos\/\" \/>\n<meta property=\"og:locale\" content=\"pt_BR\" \/>\n<meta property=\"og:type\" content=\"article\" \/>\n<meta property=\"og:title\" content=\"Anyara Santos recebe apoio de Rafael Fonteles em grande ato pol\u00edtico em Picos\" \/>\n<meta property=\"og:description\" content=\"Cerca de 10 mil pessoas participaram do ato pol\u00edtico do Time do Povo, em Picos, que reuniu moradores do munic\u00edpio e de cidades da regi\u00e3o, na noite desta sexta-feira (4). Entre os nomes presentes esteve Anyara Santos, candidata a deputada estadual pelo MDB, que participou da mobiliza\u00e7\u00e3o ao lado do prefeito Pablo Santos e recebeu [&hellip;]\" \/>\n<meta property=\"og:url\" content=\"https:\/\/noticiaempauta.com\/portal\/anyara-santos-recebe-apoio-de-rafael-fonteles-em-grande-ato-politico-em-picos\/\" \/>\n<meta property=\"og:site_name\" content=\"Portal Not\u00edcia em Pauta\" \/>\n<meta property=\"article:publisher\" content=\"https:\/\/www.facebook.com\/Portal-Notcia-Em-Pauta-102292869264820\/\" \/>\n<meta property=\"article:published_time\" content=\"2026-09-05T12:21:08+00:00\" \/>\n<meta property=\"article:modified_time\" content=\"2026-09-05T12:21:10+00:00\" \/>\n<meta property=\"og:image\" content=\"https:\/\/noticiaempauta.com\/portal\/wp-content\/uploads\/2026\/09\/WhatsApp-Image-2026-09-05-at-09.11.55.webp\" \/>\n\t<meta property=\"og:image:width\" content=\"1280\" \/>\n\t<meta property=\"og:image:height\" content=\"854\" \/>\n\t<meta property=\"og:image:type\" content=\"image\/webp\" \/>\n<meta name=\"author\" content=\"Reda\u00e7\u00e3o\" \/>\n<meta name=\"twitter:card\" content=\"summary_large_image\" \/>\n<meta name=\"twitter:label1\" content=\"Escrito por\" \/>\n\t<meta name=\"twitter:data1\" content=\"Reda\u00e7\u00e3o\" \/>\n\t<meta name=\"twitter:label2\" content=\"Est. tempo de leitura\" \/>\n\t<meta name=\"twitter:data2\" content=\"4 minutos\" \/>\n<script type=\"application\/ld+json\" class=\"yoast-schema-graph\">{\"@context\":\"https:\/\/schema.org\",\"@graph\":[{\"@type\":\"Article\",\"@id\":\"https:\/\/noticiaempauta.com\/portal\/anyara-santos-recebe-apoio-de-rafael-fonteles-em-grande-ato-politico-em-picos\/#article\",\"isPartOf\":{\"@id\":\"https:\/\/noticiaempauta.com\/portal\/anyara-santos-recebe-apoio-de-rafael-fonteles-em-grande-ato-politico-em-picos\/\"},\"author\":{\"name\":\"Reda\u00e7\u00e3o\",\"@id\":\"https:\/\/noticiaempauta.com\/portal\/#\/schema\/person\/a74af43dd1ab3deca45f988c717d57ac\"},\"headline\":\"Anyara Santos recebe apoio de Rafael Fonteles em grande ato pol\u00edtico em Picos\",\"datePublished\":\"2026-09-05T12:21:08+00:00\",\"dateModified\":\"2026-09-05T12:21:10+00:00\",\"mainEntityOfPage\":{\"@id\":\"https:\/\/noticiaempauta.com\/portal\/anyara-santos-recebe-apoio-de-rafael-fonteles-em-grande-ato-politico-em-picos\/\"},\"wordCount\":498,\"publisher\":{\"@id\":\"https:\/\/noticiaempauta.com\/portal\/#organization\"},\"image\":{\"@id\":\"https:\/\/noticiaempauta.com\/portal\/anyara-santos-recebe-apoio-de-rafael-fonteles-em-grande-ato-politico-em-picos\/#primaryimage\"},\"thumbnailUrl\":\"https:\/\/noticiaempauta.com\/portal\/wp-content\/uploads\/2026\/09\/WhatsApp-Image-2026-09-05-at-09.11.55.webp\",\"articleSection\":[\"Destaques\",\"Geral\",\"Pol\u00edtica\",\"Todas as Not\u00edcias\"],\"inLanguage\":\"pt-BR\"},{\"@type\":\"WebPage\",\"@id\":\"https:\/\/noticiaempauta.com\/portal\/anyara-santos-recebe-apoio-de-rafael-fonteles-em-grande-ato-politico-em-picos\/\",\"url\":\"https:\/\/noticiaempauta.com\/portal\/anyara-santos-recebe-apoio-de-rafael-fonteles-em-grande-ato-politico-em-picos\/\",\"name\":\"Anyara Santos recebe apoio de Rafael Fonteles em grande ato pol\u00edtico em Picos - Portal Not\u00edcia em Pauta\",\"isPartOf\":{\"@id\":\"https:\/\/noticiaempauta.com\/portal\/#website\"},\"primaryImageOfPage\":{\"@id\":\"https:\/\/noticiaempauta.com\/portal\/anyara-santos-recebe-apoio-de-rafael-fonteles-em-grande-ato-politico-em-picos\/#primaryimage\"},\"image\":{\"@id\":\"https:\/\/noticiaempauta.com\/portal\/anyara-santos-recebe-apoio-de-rafael-fonteles-em-grande-ato-politico-em-picos\/#primaryimage\"},\"thumbnailUrl\":\"https:\/\/noticiaempauta.com\/portal\/wp-content\/uploads\/2026\/09\/WhatsApp-Image-2026-09-05-at-09.11.55.webp\",\"datePublished\":\"2026-09-05T12:21:08+00:00\",\"dateModified\":\"2026-09-05T12:21:10+00:00\",\"breadcrumb\":{\"@id\":\"https:\/\/noticiaempauta.com\/portal\/anyara-santos-recebe-apoio-de-rafael-fonteles-em-grande-ato-politico-em-picos\/#breadcrumb\"},\"inLanguage\":\"pt-BR\",\"potentialAction\":[{\"@type\":\"ReadAction\",\"target\":[\"https:\/\/noticiaempauta.com\/portal\/anyara-santos-recebe-apoio-de-rafael-fonteles-em-grande-ato-politico-em-picos\/\"]}]},{\"@type\":\"ImageObject\",\"inLanguage\":\"pt-BR\",\"@id\":\"https:\/\/noticiaempauta.com\/portal\/anyara-santos-recebe-apoio-de-rafael-fonteles-em-grande-ato-politico-em-picos\/#primaryimage\",\"url\":\"https:\/\/noticiaempauta.com\/portal\/wp-content\/uploads\/2026\/09\/WhatsApp-Image-2026-09-05-at-09.11.55.webp\",\"contentUrl\":\"https:\/\/noticiaempauta.com\/portal\/wp-content\/uploads\/2026\/09\/WhatsApp-Image-2026-09-05-at-09.11.55.webp\",\"width\":1280,\"height\":854},{\"@type\":\"BreadcrumbList\",\"@id\":\"https:\/\/noticiaempauta.com\/portal\/anyara-santos-recebe-apoio-de-rafael-fonteles-em-grande-ato-politico-em-picos\/#breadcrumb\",\"itemListElement\":[{\"@type\":\"ListItem\",\"position\":1,\"name\":\"P\u00e1gina Inicial\",\"item\":\"https:\/\/noticiaempauta.com\/portal\/\"},{\"@type\":\"ListItem\",\"position\":2,\"name\":\"Destaques\",\"item\":\"https:\/\/noticiaempauta.com\/portal\/destaques-site\/\"},{\"@type\":\"ListItem\",\"position\":3,\"name\":\"Anyara Santos recebe apoio de Rafael Fonteles em grande ato pol\u00edtico em Picos\"}]},{\"@type\":\"WebSite\",\"@id\":\"https:\/\/noticiaempauta.com\/portal\/#website\",\"url\":\"https:\/\/noticiaempauta.com\/portal\/\",\"name\":\"Portal Not\u00edcia em Pauta\",\"description\":\"Voc\u00ea bem informado\",\"publisher\":{\"@id\":\"https:\/\/noticiaempauta.com\/portal\/#organization\"},\"potentialAction\":[{\"@type\":\"SearchAction\",\"target\":{\"@type\":\"EntryPoint\",\"urlTemplate\":\"https:\/\/noticiaempauta.com\/portal\/?s={search_term_string}\"},\"query-input\":{\"@type\":\"PropertyValueSpecification\",\"valueRequired\":true,\"valueName\":\"search_term_string\"}}],\"inLanguage\":\"pt-BR\"},{\"@type\":\"Organization\",\"@id\":\"https:\/\/noticiaempauta.com\/portal\/#organization\",\"name\":\"Portal Not\u00edcia em Pauta\",\"url\":\"https:\/\/noticiaempauta.com\/portal\/\",\"logo\":{\"@type\":\"ImageObject\",\"inLanguage\":\"pt-BR\",\"@id\":\"https:\/\/noticiaempauta.com\/portal\/#\/schema\/logo\/image\/\",\"url\":\"https:\/\/noticiaempauta.com\/portal\/wp-content\/uploads\/2022\/08\/logomarca_tema.fw_.png\",\"contentUrl\":\"https:\/\/noticiaempauta.com\/portal\/wp-content\/uploads\/2022\/08\/logomarca_tema.fw_.png\",\"width\":400,\"height\":232,\"caption\":\"Portal Not\u00edcia em Pauta\"},\"image\":{\"@id\":\"https:\/\/noticiaempauta.com\/portal\/#\/schema\/logo\/image\/\"},\"sameAs\":[\"https:\/\/www.facebook.com\/Portal-Notcia-Em-Pauta-102292869264820\/\",\"https:\/\/www.instagram.com\/portalnoticiaempauta\/\"]},{\"@type\":\"Person\",\"@id\":\"https:\/\/noticiaempauta.com\/portal\/#\/schema\/person\/a74af43dd1ab3deca45f988c717d57ac\",\"name\":\"Reda\u00e7\u00e3o\",\"image\":{\"@type\":\"ImageObject\",\"inLanguage\":\"pt-BR\",\"@id\":\"https:\/\/noticiaempauta.com\/portal\/#\/schema\/person\/image\/\",\"url\":\"https:\/\/secure.gravatar.com\/avatar\/03179346ecce6cdfc13361603e8f54242a90e5cde8618fa23c5c00aa2b0aadf3?s=96&d=mm&r=g\",\"contentUrl\":\"https:\/\/secure.gravatar.com\/avatar\/03179346ecce6cdfc13361603e8f54242a90e5cde8618fa23c5c00aa2b0aadf3?s=96&d=mm&r=g\",\"caption\":\"Reda\u00e7\u00e3o\"},\"sameAs\":[\"https:\/\/noticiaempauta.com\/portal\/\"],\"url\":\"https:\/\/noticiaempauta.com\/portal\/author\/fernando\/\"}]}<\/script>\n<!-- \/ Yoast SEO Premium plugin. -->","yoast_head_json":{"title":"Anyara Santos recebe apoio de Rafael Fonteles em grande ato pol\u00edtico em Picos - Portal Not\u00edcia em Pauta","robots":{"index":"index","follow":"follow","max-snippet":"max-snippet:-1","max-image-preview":"max-image-preview:large","max-video-preview":"max-video-preview:-1"},"canonical":"https:\/\/noticiaempauta.com\/portal\/anyara-santos-recebe-apoio-de-rafael-fonteles-em-grande-ato-politico-em-picos\/","og_locale":"pt_BR","og_type":"article","og_title":"Anyara Santos recebe apoio de Rafael Fonteles em grande ato pol\u00edtico em Picos","og_description":"Cerca de 10 mil pessoas participaram do ato pol\u00edtico do Time do Povo, em Picos, que reuniu moradores do munic\u00edpio e de cidades da regi\u00e3o, na noite desta sexta-feira (4). Entre os nomes presentes esteve Anyara Santos, candidata a deputada estadual pelo MDB, que participou da mobiliza\u00e7\u00e3o ao lado do prefeito Pablo Santos e recebeu [&hellip;]","og_url":"https:\/\/noticiaempauta.com\/portal\/anyara-santos-recebe-apoio-de-rafael-fonteles-em-grande-ato-politico-em-picos\/","og_site_name":"Portal Not\u00edcia em Pauta","article_publisher":"https:\/\/www.facebook.com\/Portal-Notcia-Em-Pauta-102292869264820\/","article_published_time":"2026-09-05T12:21:08+00:00","article_modified_time":"2026-09-05T12:21:10+00:00","og_image":[{"width":1280,"height":854,"url":"https:\/\/noticiaempauta.com\/portal\/wp-content\/uploads\/2026\/09\/WhatsApp-Image-2026-09-05-at-09.11.55.webp","type":"image\/webp"}],"author":"Reda\u00e7\u00e3o","twitter_card":"summary_large_image","twitter_misc":{"Escrito por":"Reda\u00e7\u00e3o","Est. tempo de leitura":"4 minutos"},"schema":{"@context":"https:\/\/schema.org","@graph":[{"@type":"Article","@id":"https:\/\/noticiaempauta.com\/portal\/anyara-santos-recebe-apoio-de-rafael-fonteles-em-grande-ato-politico-em-picos\/#article","isPartOf":{"@id":"https:\/\/noticiaempauta.com\/portal\/anyara-santos-recebe-apoio-de-rafael-fonteles-em-grande-ato-politico-em-picos\/"},"author":{"name":"Reda\u00e7\u00e3o","@id":"https:\/\/noticiaempauta.com\/portal\/#\/schema\/person\/a74af43dd1ab3deca45f988c717d57ac"},"headline":"Anyara Santos recebe apoio de Rafael Fonteles em grande ato pol\u00edtico em Picos","datePublished":"2026-09-05T12:21:08+00:00","dateModified":"2026-09-05T12:21:10+00:00","mainEntityOfPage":{"@id":"https:\/\/noticiaempauta.com\/portal\/anyara-santos-recebe-apoio-de-rafael-fonteles-em-grande-ato-politico-em-picos\/"},"wordCount":498,"publisher":{"@id":"https:\/\/noticiaempauta.com\/portal\/#organization"},"image":{"@id":"https:\/\/noticiaempauta.com\/portal\/anyara-santos-recebe-apoio-de-rafael-fonteles-em-grande-ato-politico-em-picos\/#primaryimage"},"thumbnailUrl":"https:\/\/noticiaempauta.com\/portal\/wp-content\/uploads\/2026\/09\/WhatsApp-Image-2026-09-05-at-09.11.55.webp","articleSection":["Destaques","Geral","Pol\u00edtica","Todas as Not\u00edcias"],"inLanguage":"pt-BR"},{"@type":"WebPage","@id":"https:\/\/noticiaempauta.com\/portal\/anyara-santos-recebe-apoio-de-rafael-fonteles-em-grande-ato-politico-em-picos\/","url":"https:\/\/noticiaempauta.com\/portal\/anyara-santos-recebe-apoio-de-rafael-fonteles-em-grande-ato-politico-em-picos\/","name":"Anyara Santos recebe apoio de Rafael Fonteles em grande ato pol\u00edtico em Picos - Portal Not\u00edcia em Pauta","isPartOf":{"@id":"https:\/\/noticiaempauta.com\/portal\/#website"},"primaryImageOfPage":{"@id":"https:\/\/noticiaempauta.com\/portal\/anyara-santos-recebe-apoio-de-rafael-fonteles-em-grande-ato-politico-em-picos\/#primaryimage"},"image":{"@id":"https:\/\/noticiaempauta.com\/portal\/anyara-santos-recebe-apoio-de-rafael-fonteles-em-grande-ato-politico-em-picos\/#primaryimage"},"thumbnailUrl":"https:\/\/noticiaempauta.com\/portal\/wp-content\/uploads\/2026\/09\/WhatsApp-Image-2026-09-05-at-09.11.55.webp","datePublished":"2026-09-05T12:21:08+00:00","dateModified":"2026-09-05T12:21:10+00:00","breadcrumb":{"@id":"https:\/\/noticiaempauta.com\/portal\/anyara-santos-recebe-apoio-de-rafael-fonteles-em-grande-ato-politico-em-picos\/#breadcrumb"},"inLanguage":"pt-BR","potentialAction":[{"@type":"ReadAction","target":["https:\/\/noticiaempauta.com\/portal\/anyara-santos-recebe-apoio-de-rafael-fonteles-em-grande-ato-politico-em-picos\/"]}]},{"@type":"ImageObject","inLanguage":"pt-BR","@id":"https:\/\/noticiaempauta.com\/portal\/anyara-santos-recebe-apoio-de-rafael-fonteles-em-grande-ato-politico-em-picos\/#primaryimage","url":"https:\/\/noticiaempauta.com\/portal\/wp-content\/uploads\/2026\/09\/WhatsApp-Image-2026-09-05-at-09.11.55.webp","contentUrl":"https:\/\/noticiaempauta.com\/portal\/wp-content\/uploads\/2026\/09\/WhatsApp-Image-2026-09-05-at-09.11.55.webp","width":1280,"height":854},{"@type":"BreadcrumbList","@id":"https:\/\/noticiaempauta.com\/portal\/anyara-santos-recebe-apoio-de-rafael-fonteles-em-grande-ato-politico-em-picos\/#breadcrumb","itemListElement":[{"@type":"ListItem","position":1,"name":"P\u00e1gina Inicial","item":"https:\/\/noticiaempauta.com\/portal\/"},{"@type":"ListItem","position":2,"name":"Destaques","item":"https:\/\/noticiaempauta.com\/portal\/destaques-site\/"},{"@type":"ListItem","position":3,"name":"Anyara Santos recebe apoio de Rafael Fonteles em grande ato pol\u00edtico em Picos"}]},{"@type":"WebSite","@id":"https:\/\/noticiaempauta.com\/portal\/#website","url":"https:\/\/noticiaempauta.com\/portal\/","name":"Portal Not\u00edcia em Pauta","description":"Voc\u00ea bem informado","publisher":{"@id":"https:\/\/noticiaempauta.com\/portal\/#organization"},"potentialAction":[{"@type":"SearchAction","target":{"@type":"EntryPoint","urlTemplate":"https:\/\/noticiaempauta.com\/portal\/?s={search_term_string}"},"query-input":{"@type":"PropertyValueSpecification","valueRequired":true,"valueName":"search_term_string"}}],"inLanguage":"pt-BR"},{"@type":"Organization","@id":"https:\/\/noticiaempauta.com\/portal\/#organization","name":"Portal Not\u00edcia em Pauta","url":"https:\/\/noticiaempauta.com\/portal\/","logo":{"@type":"ImageObject","inLanguage":"pt-BR","@id":"https:\/\/noticiaempauta.com\/portal\/#\/schema\/logo\/image\/","url":"https:\/\/noticiaempauta.com\/portal\/wp-content\/uploads\/2022\/08\/logomarca_tema.fw_.png","contentUrl":"https:\/\/noticiaempauta.com\/portal\/wp-content\/uploads\/2022\/08\/logomarca_tema.fw_.png","width":400,"height":232,"caption":"Portal Not\u00edcia em Pauta"},"image":{"@id":"https:\/\/noticiaempauta.com\/portal\/#\/schema\/logo\/image\/"},"sameAs":["https:\/\/www.facebook.com\/Portal-Notcia-Em-Pauta-102292869264820\/","https:\/\/www.instagram.com\/portalnoticiaempauta\/"]},{"@type":"Person","@id":"https:\/\/noticiaempauta.com\/portal\/#\/schema\/person\/a74af43dd1ab3deca45f988c717d57ac","name":"Reda\u00e7\u00e3o","image":{"@type":"ImageObject","inLanguage":"pt-BR","@id":"https:\/\/noticiaempauta.com\/portal\/#\/schema\/person\/image\/","url":"https:\/\/secure.gravatar.com\/avatar\/03179346ecce6cdfc13361603e8f54242a90e5cde8618fa23c5c00aa2b0aadf3?s=96&d=mm&r=g","contentUrl":"https:\/\/secure.gravatar.com\/avatar\/03179346ecce6cdfc13361603e8f54242a90e5cde8618fa23c5c00aa2b0aadf3?s=96&d=mm&r=g","caption":"Reda\u00e7\u00e3o"},"sameAs":["https:\/\/noticiaempauta.com\/portal\/"],"url":"https:\/\/noticiaempauta.com\/portal\/author\/fernando\/"}]}},"_links":{"self":[{"href":"https:\/\/noticiaempauta.com\/portal\/wp-json\/wp\/v2\/posts\/294335","targetHints":{"allow":["GET"]}}],"collection":[{"href":"https:\/\/noticiaempauta.com\/portal\/wp-json\/wp\/v2\/posts"}],"about":[{"href":"https:\/\/noticiaempauta.com\/portal\/wp-json\/wp\/v2\/types\/post"}],"author":[{"embeddable":true,"href":"https:\/\/noticiaempauta.com\/portal\/wp-json\/wp\/v2\/users\/2"}],"replies":[{"embeddable":true,"href":"https:\/\/noticiaempauta.com\/portal\/wp-json\/wp\/v2\/comments?post=294335"}],"version-history":[{"count":2,"href":"https:\/\/noticiaempauta.com\/portal\/wp-json\/wp\/v2\/posts\/294335\/revisions"}],"predecessor-version":[{"id":294341,"href":"https:\/\/noticiaempauta.com\/portal\/wp-json\/wp\/v2\/posts\/294335\/revisions\/294341"}],"wp:featuredmedia":[{"embeddable":true,"href":"https:\/\/noticiaempauta.com\/portal\/wp-json\/wp\/v2\/media\/294336"}],"wp:attachment":[{"href":"https:\/\/noticiaempauta.com\/portal\/wp-json\/wp\/v2\/media?parent=294335"}],"wp:term":[{"taxonomy":"category","embeddable":true,"href":"https:\/\/noticiaempauta.com\/portal\/wp-json\/wp\/v2\/categories?post=294335"},{"taxonomy":"post_tag","embeddable":true,"href":"https:\/\/noticiaempauta.com\/portal\/wp-json\/wp\/v2\/tags?post=294335"}],"curies":[{"name":"wp","href":"https:\/\/api.w.org\/{rel}","templated":true}]}}